{"id":23062,"date":"2024-05-03T16:45:16","date_gmt":"2024-05-03T16:45:16","guid":{"rendered":"http:\/\/kuulokenurkka.com\/?p=23062"},"modified":"2026-01-18T08:19:16","modified_gmt":"2026-01-18T08:19:16","slug":"arvostelu-beyerdynamic-dt-770-pro-x-limited-edition","status":"publish","type":"post","link":"https:\/\/kuulokenurkka.com\/en\/arvostelu-beyerdynamic-dt-770-pro-x-limited-edition\/","title":{"rendered":"Arvostelu: Beyerdynamic DT 770 Pro X Limited Edition"},"content":{"rendered":"<p class=\"has-text-align-center\">Author: <a href=\"http:\/\/kuulokenurkka.com\/en\/author\/aapeli-leminen\/\" target=\"_blank\" rel=\"noreferrer noopener\">Sword of Damocles<\/a><\/p>\n\n\n<div class=\"wp-block-image\">\n<figure class=\"aligncenter size-full\"><img loading=\"lazy\" decoding=\"async\" width=\"2165\" height=\"1418\" src=\"https:\/\/kuulokenurkka.com\/wp-content\/uploads\/2024\/05\/kyljellaan.jpg\" alt=\"\" class=\"wp-image-23532\"\/><\/figure>\n<\/div>\n\n\n<div class=\"wp-block-rank-math-toc-block\" id=\"rank-math-toc\"><h4>Table of Contents:<\/h4><nav><div><div><a href=\"#tuotepakkaus-ja-varustelu\">Packaging and accessories<\/a><\/div><div><a href=\"#rakenne-ja-kayttomukavuus\">Build and comfort<\/a><\/div><div><a href=\"#aanenlaatu\">Sound quality<\/a><\/div><div><a href=\"#talouspaperi-ja-bassoporttimodi\">Talouspaperi- ja bassoporttimodi<\/a><\/div><div><a href=\"#taajuuskorjaaminen\">Equalization<\/a><\/div><div><a href=\"#dt-770-pro-x-limited-edition-vs-dt-700-pro-x\">DT 770 Pro X Limited Edition vs. DT 700 Pro X<\/a><\/div><div><a href=\"#beyer-frankenstein\">Beyer-Frankenstein<\/a><\/div><div><a href=\"#millaista-vahvistinta-laitetaan\">Millaista vahvistinta laitetaan?<\/a><\/div><div><a href=\"#yhteenveto\">Summary<\/a><\/div><\/div><\/nav><\/div>\n\n\n\n<h3 class=\"wp-block-heading has-white-color has-text-color has-link-color wp-elements-56e2224644cd8f1a31bf4427e808d5e9\" id=\"tietoja\" style=\"font-size:22px\"><strong>Information:<\/strong><\/h3>\n\n\n\n<ul class=\"wp-block-list\">\n<li>Release year: 2024<\/li>\n\n\n\n<li>Valmistusmaa: Saksa<\/li>\n\n\n\n<li>Hinta: 199 EUR<\/li>\n\n\n\n<li>Type: Closed, over-ear<\/li>\n\n\n\n<li>Dynaamiset elementit: Stellar.45 (halkaisija 45 mm)<\/li>\n\n\n\n<li>Impedanssi: 48 Ohm<\/li>\n\n\n\n<li>Herkkyys: 98 dB\/mW<\/li>\n\n\n\n<li>Paino: 305 g (ilman kaapelia)<\/li>\n\n\n\n<li>Liitintyyppi: 3-pin mini-XLR<\/li>\n\n\n\n<li>Kaapeli: Pituus 3 m \/ liitin 3,5 mm (mukana ruuvattava 6,35 mm:n adapteri)<\/li>\n\n\n\n<li>Lis\u00e4varusteet: Pehme\u00e4 s\u00e4ilytyspussukka<\/li>\n\n\n\n<li>Takuu: 2 vuotta<\/li>\n<\/ul>\n\n\n\n<p><strong>Review sample: Self-purchased product<\/strong><\/p>\n\n\n\n<p>Saksa on kotimaa monille audio-yhti\u00f6ille, joiden juuret ulottuvat pitk\u00e4lle 1900-luvun puolelle tai Beyerdynamicin tapauksessa jopa vuosisadan ensimm\u00e4iselle nelj\u00e4nnekselle. Vuonna 1924 toimintansa aloittanut valmistaja t\u00e4ytt\u00e4\u00e4kin t\u00e4n\u00e4 vuonna jo kunnioitettavat 100 vuotta, mink\u00e4 johdosta se on tuonut myyntiin erikoismallin DT 770 Pro -studiokuulokkeistaan (voittaja Kuulokenurkan <a href=\"http:\/\/kuulokenurkka.com\/en\/vertailussa-edulliset-suljetut-kuulokkeet-mita-saa-100-200-eurolla\/\" target=\"_blank\" rel=\"noreferrer noopener\">edullisten suljettujen kuulokkeiden vertailussa<\/a>), jotka nekin julkaistiin alun perin 39 vuotta sitten.<\/p>\n\n\n\n<p>200 euron hintaiseen <a href=\"https:\/\/europe.beyerdynamic.com\/dt-770-pro-x-limited-edition.html\" target=\"_blank\" rel=\"noopener\">DT 770 Pro X Limited Edition<\/a> -nimiseen juhlamalliin on asennettu hintavammista DT 700 Pro X:st\u00e4 ja DT 900 Pro X:st\u00e4 (<a href=\"http:\/\/kuulokenurkka.com\/en\/arvostelu-beyerdynamic-dt-900-pro-x\/\" target=\"_blank\" rel=\"noreferrer noopener\">aiempi arvostelu<\/a>) tutut Stellar.45-elementit, mink\u00e4 lis\u00e4ksi kaapeli voidaan vihdoin irrottaa kuulokekupista \u2013 eih\u00e4n t\u00e4t\u00e4 olekaan odotettu mallisarjassa kuin muutama vuosikymmen. Ulkoinen rakenne muutoin vastaa edelleen kest\u00e4v\u00e4n kuulokkeen maineessa olevaa DT 770 Pro:ta, mutta 100 vuoden kunniaksi tehtyjen koristeluiden lis\u00e4ksi muutamia yksityiskohtia on napattu my\u00f6s hienommasta DT 1770 Pro:sta. DT 770 Pro X onkin t\u00e4ten mielenkiintoinen yhdistelm\u00e4 Beyerdynamicin eri kuulokemalleja. Miten olisinkaan voinut olla hankkimatta testattavaksi n\u00e4in kiinnostavaa tuotetta?<\/p>\n\n\n\n<h2 class=\"wp-block-heading\" id=\"tuotepakkaus-ja-varustelu\"><span style=\"text-decoration: underline;\">Packaging and accessories<\/span><\/h2>\n\n\n\n<p>Kuulokkeiden tuotepakkauksesta on vaikeaa keksi\u00e4 mainittavaa, koska se l\u00e4hinn\u00e4 suojaa tuotetta hankaloittamatta k\u00e4ytt\u00f6\u00f6nottoa. Pakettiin sis\u00e4ltyy kaapeli ja muovisen tuntuinen s\u00e4ilytyspussukka, mutta muita lis\u00e4varusteita juhlamallin mukana ei tule. Pieni vihkonen tarjoaa sent\u00e4\u00e4n tiiviin aikajanan valmistajan historiasta, mik\u00e4 onkin ihan paikallaan 100 toimintavuoden kohdalla. Yleisesti ottaen juhlavuosi n\u00e4kyy kuitenkin enemm\u00e4n kuulokkeissa itsess\u00e4\u00e4n.<\/p>\n\n\n<div class=\"wp-block-image\">\n<figure data-wp-context=\"{&quot;imageId&quot;:&quot;69f0bce28c8ab&quot;}\" data-wp-interactive=\"core\/image\" data-wp-key=\"69f0bce28c8ab\" class=\"aligncenter size-full wp-lightbox-container\"><img loading=\"lazy\" decoding=\"async\" width=\"2174\" height=\"1363\" data-wp-class--hide=\"state.isContentHidden\" data-wp-class--show=\"state.isContentVisible\" data-wp-init=\"callbacks.setButtonStyles\" data-wp-on--click=\"actions.showLightbox\" data-wp-on--load=\"callbacks.setButtonStyles\" data-wp-on-window--resize=\"callbacks.setButtonStyles\" src=\"https:\/\/kuulokenurkka.com\/wp-content\/uploads\/2024\/05\/Pakkaus.jpg\" alt=\"\" class=\"wp-image-23520\"\/><button\n\t\t\tclass=\"lightbox-trigger\"\n\t\t\ttype=\"button\"\n\t\t\taria-haspopup=\"dialog\"\n\t\t\taria-label=\"Enlarge\"\n\t\t\tdata-wp-init=\"callbacks.initTriggerButton\"\n\t\t\tdata-wp-on--click=\"actions.showLightbox\"\n\t\t\tdata-wp-style--right=\"state.imageButtonRight\"\n\t\t\tdata-wp-style--top=\"state.imageButtonTop\"\n\t\t>\n\t\t\t<svg xmlns=\"http:\/\/www.w3.org\/2000\/svg\" width=\"12\" height=\"12\" fill=\"none\" viewbox=\"0 0 12 12\">\n\t\t\t\t<path fill=\"#fff\" d=\"M2 0a2 2 0 0 0-2 2v2h1.5V2a.5.5 0 0 1 .5-.5h2V0H2Zm2 10.5H2a.5.5 0 0 1-.5-.5V8H0v2a2 2 0 0 0 2 2h2v-1.5ZM8 12v-1.5h2a.5.5 0 0 0 .5-.5V8H12v2a2 2 0 0 1-2 2H8Zm2-12a2 2 0 0 1 2 2v2h-1.5V2a.5.5 0 0 0-.5-.5H8V0h2Z\" \/>\n\t\t\t<\/svg>\n\t\t<\/button><figcaption class=\"wp-element-caption\"><strong><em>Tuotepakkauksen sis\u00e4lt\u00f6.<\/em><\/strong><\/figcaption><\/figure>\n<\/div>\n\n\n<p>Mukana tuleva s\u00e4ilytyspussukka ei ole laadultaan kummoinen, mutta kuulokkeiden todistetusti kest\u00e4v\u00e4 rakenne selvi\u00e4isi todenn\u00e4k\u00f6isesti siin\u00e4 ehj\u00e4n\u00e4 kuljettamisen aikana. Kumipintainen kaapeli puolestaan lienee suunnattu studiok\u00e4ytt\u00f6\u00f6n, koska sill\u00e4 on pituutta per\u00e4ti 3 metri\u00e4. T\u00e4m\u00e4 tuntuu kotioloissa auttamatta k\u00f6mpel\u00f6lt\u00e4 ja kaapeli on my\u00f6s jokseenkin mikrofoninen ja hankalasti laskostettava, mutta irrottamismahdollisuuden ansiosta se voitaisiin vaihtaa toisenlaiseen. Beyerdynamic on lis\u00e4nnyt vasempaan kuulokekuppiin 3-pin-mini-XLR-liitimen, joka ei kuitenkaan harmillisesti tue balansoitua signaalia. Toisaalta siit\u00e4 ei maltillisen vahvistustarpeen n\u00e4k\u00f6kulmasta olisikaan erityisemmin hy\u00f6ty\u00e4. Valmistajan toimittamassa kaapelissa on perinteinen 3,5 millimetrin liitin ja sille tarjotaan 6,35 millimetrin adapteri.<\/p>\n\n\n<div class=\"wp-block-image\">\n<figure data-wp-context=\"{&quot;imageId&quot;:&quot;69f0bce28cada&quot;}\" data-wp-interactive=\"core\/image\" data-wp-key=\"69f0bce28cada\" class=\"aligncenter size-full wp-lightbox-container\"><img loading=\"lazy\" decoding=\"async\" width=\"2040\" height=\"1536\" data-wp-class--hide=\"state.isContentHidden\" data-wp-class--show=\"state.isContentVisible\" data-wp-init=\"callbacks.setButtonStyles\" data-wp-on--click=\"actions.showLightbox\" data-wp-on--load=\"callbacks.setButtonStyles\" data-wp-on-window--resize=\"callbacks.setButtonStyles\" src=\"https:\/\/kuulokenurkka.com\/wp-content\/uploads\/2024\/05\/Kuulokeliitin.jpg\" alt=\"\" class=\"wp-image-23521\"\/><button\n\t\t\tclass=\"lightbox-trigger\"\n\t\t\ttype=\"button\"\n\t\t\taria-haspopup=\"dialog\"\n\t\t\taria-label=\"Enlarge\"\n\t\t\tdata-wp-init=\"callbacks.initTriggerButton\"\n\t\t\tdata-wp-on--click=\"actions.showLightbox\"\n\t\t\tdata-wp-style--right=\"state.imageButtonRight\"\n\t\t\tdata-wp-style--top=\"state.imageButtonTop\"\n\t\t>\n\t\t\t<svg xmlns=\"http:\/\/www.w3.org\/2000\/svg\" width=\"12\" height=\"12\" fill=\"none\" viewbox=\"0 0 12 12\">\n\t\t\t\t<path fill=\"#fff\" d=\"M2 0a2 2 0 0 0-2 2v2h1.5V2a.5.5 0 0 1 .5-.5h2V0H2Zm2 10.5H2a.5.5 0 0 1-.5-.5V8H0v2a2 2 0 0 0 2 2h2v-1.5ZM8 12v-1.5h2a.5.5 0 0 0 .5-.5V8H12v2a2 2 0 0 1-2 2H8Zm2-12a2 2 0 0 1 2 2v2h-1.5V2a.5.5 0 0 0-.5-.5H8V0h2Z\" \/>\n\t\t\t<\/svg>\n\t\t<\/button><figcaption class=\"wp-element-caption\"><strong><em>DT 770 Pro -sarjaan on saatu vihdoin irrotettava kaapeli.<\/em><\/strong><\/figcaption><\/figure>\n<\/div>\n\n<div class=\"wp-block-image\">\n<figure data-wp-context=\"{&quot;imageId&quot;:&quot;69f0bce28ccad&quot;}\" data-wp-interactive=\"core\/image\" data-wp-key=\"69f0bce28ccad\" class=\"aligncenter size-full wp-lightbox-container\"><img loading=\"lazy\" decoding=\"async\" width=\"2244\" height=\"1492\" data-wp-class--hide=\"state.isContentHidden\" data-wp-class--show=\"state.isContentVisible\" data-wp-init=\"callbacks.setButtonStyles\" data-wp-on--click=\"actions.showLightbox\" data-wp-on--load=\"callbacks.setButtonStyles\" data-wp-on-window--resize=\"callbacks.setButtonStyles\" src=\"https:\/\/kuulokenurkka.com\/wp-content\/uploads\/2024\/05\/Kaapeli.jpg\" alt=\"\" class=\"wp-image-23522\"\/><button\n\t\t\tclass=\"lightbox-trigger\"\n\t\t\ttype=\"button\"\n\t\t\taria-haspopup=\"dialog\"\n\t\t\taria-label=\"Enlarge\"\n\t\t\tdata-wp-init=\"callbacks.initTriggerButton\"\n\t\t\tdata-wp-on--click=\"actions.showLightbox\"\n\t\t\tdata-wp-style--right=\"state.imageButtonRight\"\n\t\t\tdata-wp-style--top=\"state.imageButtonTop\"\n\t\t>\n\t\t\t<svg xmlns=\"http:\/\/www.w3.org\/2000\/svg\" width=\"12\" height=\"12\" fill=\"none\" viewbox=\"0 0 12 12\">\n\t\t\t\t<path fill=\"#fff\" d=\"M2 0a2 2 0 0 0-2 2v2h1.5V2a.5.5 0 0 1 .5-.5h2V0H2Zm2 10.5H2a.5.5 0 0 1-.5-.5V8H0v2a2 2 0 0 0 2 2h2v-1.5ZM8 12v-1.5h2a.5.5 0 0 0 .5-.5V8H12v2a2 2 0 0 1-2 2H8Zm2-12a2 2 0 0 1 2 2v2h-1.5V2a.5.5 0 0 0-.5-.5H8V0h2Z\" \/>\n\t\t\t<\/svg>\n\t\t<\/button><figcaption class=\"wp-element-caption\"><strong><em>Moni kuulokkeita kotona k\u00e4ytt\u00e4v\u00e4 saattaa haluta vaihtaa 3 metrisen kumikaapelin hieman k\u00e4yt\u00e4nn\u00f6llisemp\u00e4\u00e4n vaihtoehtoon.<\/em><\/strong><\/figcaption><\/figure>\n<\/div>\n\n\n<h2 class=\"wp-block-heading\" id=\"rakenne-ja-kayttomukavuus\"><span style=\"text-decoration: underline;\">Build and comfort<\/span><\/h2>\n\n\n\n<p>P\u00e4\u00e4lt\u00e4 p\u00e4in DT 770 Pro X Limited Edition eroaa vanhasta DT 770 Pro:sta vain ulkon\u00e4\u00f6llisesti, sill\u00e4 tukeva ja kest\u00e4v\u00e4 perusrakenne on pidetty ennallaan. Hieman laadukkaamman oloinen muovimateriaali ja kuppeja ymp\u00e4r\u00f6iv\u00e4 kiilt\u00e4v\u00e4 raita tekev\u00e4t mielest\u00e4ni yleisilmeest\u00e4 modernimman. Pid\u00e4n my\u00f6s DT 1770 Pro:n tyylisist\u00e4 osista kuppien ja p\u00e4\u00e4pannan kiinnityskohtien ymp\u00e4rill\u00e4. Niin ik\u00e4\u00e4n kuulokkeiden mallimerkint\u00e4 on tavalista tyylikk\u00e4\u00e4mpi verrattuna vanhempiin DT 770 Pro -malleihin liimattuihin &#8221;nimikyltteihin&#8221;. Juhlavuosi ja Limited Edition -status DT 770 Pro X:ss\u00e4 on ilmaistu hopeisilla kirjaimilla p\u00e4\u00e4pannan kyljess\u00e4.<\/p>\n\n\n<div class=\"wp-block-image\">\n<figure data-wp-context=\"{&quot;imageId&quot;:&quot;69f0bce28cee9&quot;}\" data-wp-interactive=\"core\/image\" data-wp-key=\"69f0bce28cee9\" class=\"aligncenter size-full wp-lightbox-container\"><img loading=\"lazy\" decoding=\"async\" width=\"1676\" height=\"1676\" data-wp-class--hide=\"state.isContentHidden\" data-wp-class--show=\"state.isContentVisible\" data-wp-init=\"callbacks.setButtonStyles\" data-wp-on--click=\"actions.showLightbox\" data-wp-on--load=\"callbacks.setButtonStyles\" data-wp-on-window--resize=\"callbacks.setButtonStyles\" src=\"https:\/\/kuulokenurkka.com\/wp-content\/uploads\/2024\/05\/Neliokuva.jpg\" alt=\"\" class=\"wp-image-23546\"\/><button\n\t\t\tclass=\"lightbox-trigger\"\n\t\t\ttype=\"button\"\n\t\t\taria-haspopup=\"dialog\"\n\t\t\taria-label=\"Enlarge\"\n\t\t\tdata-wp-init=\"callbacks.initTriggerButton\"\n\t\t\tdata-wp-on--click=\"actions.showLightbox\"\n\t\t\tdata-wp-style--right=\"state.imageButtonRight\"\n\t\t\tdata-wp-style--top=\"state.imageButtonTop\"\n\t\t>\n\t\t\t<svg xmlns=\"http:\/\/www.w3.org\/2000\/svg\" width=\"12\" height=\"12\" fill=\"none\" viewbox=\"0 0 12 12\">\n\t\t\t\t<path fill=\"#fff\" d=\"M2 0a2 2 0 0 0-2 2v2h1.5V2a.5.5 0 0 1 .5-.5h2V0H2Zm2 10.5H2a.5.5 0 0 1-.5-.5V8H0v2a2 2 0 0 0 2 2h2v-1.5ZM8 12v-1.5h2a.5.5 0 0 0 .5-.5V8H12v2a2 2 0 0 1-2 2H8Zm2-12a2 2 0 0 1 2 2v2h-1.5V2a.5.5 0 0 0-.5-.5H8V0h2Z\" \/>\n\t\t\t<\/svg>\n\t\t<\/button><\/figure>\n<\/div>\n\n\n<p>Mallisarjasta tutut harmaat veluurikorvapehmusteet tekev\u00e4t j\u00e4lleen paluun. P\u00e4\u00e4pannan neppareilla kiinnittyv\u00e4\u00e4n pehmusteosaan on sen sijaan tehty pieni, mutta toimiva muutos: keskelle lis\u00e4tty lovi est\u00e4\u00e4 tehokkaasti paineentunteen muodostumista p\u00e4\u00e4laelle. DT 770 Pro -sarja ei olekaan koskaan tuntunut yht\u00e4 mukavalta kuin nyt. Kuulokkeiden noin 300 gramman painokin tuntuu oikein siedett\u00e4v\u00e4lt\u00e4, eik\u00e4 k\u00e4ytt\u00e4j\u00e4n olisi en\u00e4\u00e4 pakko siet\u00e4\u00e4 my\u00f6sk\u00e4\u00e4n ylipitk\u00e4\u00e4 kaapelia, vaan se voitaisiin vaihtaa lyhyemp\u00e4\u00e4n. Tuttuun tapaan suljettu rakenne erist\u00e4\u00e4 my\u00f6s hyvin ymp\u00e4rist\u00f6melua, mist\u00e4 on hy\u00f6ty\u00e4 esimerkiksi studioty\u00f6skentelyss\u00e4.<\/p>\n\n\n<div class=\"wp-block-image\">\n<figure data-wp-context=\"{&quot;imageId&quot;:&quot;69f0bce28d0e7&quot;}\" data-wp-interactive=\"core\/image\" data-wp-key=\"69f0bce28d0e7\" class=\"aligncenter size-full wp-lightbox-container\"><img loading=\"lazy\" decoding=\"async\" width=\"1779\" height=\"1413\" data-wp-class--hide=\"state.isContentHidden\" data-wp-class--show=\"state.isContentVisible\" data-wp-init=\"callbacks.setButtonStyles\" data-wp-on--click=\"actions.showLightbox\" data-wp-on--load=\"callbacks.setButtonStyles\" data-wp-on-window--resize=\"callbacks.setButtonStyles\" src=\"https:\/\/kuulokenurkka.com\/wp-content\/uploads\/2024\/05\/Pehmuste.jpg\" alt=\"\" class=\"wp-image-23523\"\/><button\n\t\t\tclass=\"lightbox-trigger\"\n\t\t\ttype=\"button\"\n\t\t\taria-haspopup=\"dialog\"\n\t\t\taria-label=\"Enlarge\"\n\t\t\tdata-wp-init=\"callbacks.initTriggerButton\"\n\t\t\tdata-wp-on--click=\"actions.showLightbox\"\n\t\t\tdata-wp-style--right=\"state.imageButtonRight\"\n\t\t\tdata-wp-style--top=\"state.imageButtonTop\"\n\t\t>\n\t\t\t<svg xmlns=\"http:\/\/www.w3.org\/2000\/svg\" width=\"12\" height=\"12\" fill=\"none\" viewbox=\"0 0 12 12\">\n\t\t\t\t<path fill=\"#fff\" d=\"M2 0a2 2 0 0 0-2 2v2h1.5V2a.5.5 0 0 1 .5-.5h2V0H2Zm2 10.5H2a.5.5 0 0 1-.5-.5V8H0v2a2 2 0 0 0 2 2h2v-1.5ZM8 12v-1.5h2a.5.5 0 0 0 .5-.5V8H12v2a2 2 0 0 1-2 2H8Zm2-12a2 2 0 0 1 2 2v2h-1.5V2a.5.5 0 0 0-.5-.5H8V0h2Z\" \/>\n\t\t\t<\/svg>\n\t\t<\/button><figcaption class=\"wp-element-caption\"><strong><em>Kuulokkeista l\u00f6ytyy edelleen samat harmaat veluuripehmusteet.<\/em><\/strong><\/figcaption><\/figure>\n<\/div>\n\n<div class=\"wp-block-image\">\n<figure data-wp-context=\"{&quot;imageId&quot;:&quot;69f0bce28d2c6&quot;}\" data-wp-interactive=\"core\/image\" data-wp-key=\"69f0bce28d2c6\" class=\"aligncenter size-full wp-lightbox-container\"><img loading=\"lazy\" decoding=\"async\" width=\"2021\" height=\"1321\" data-wp-class--hide=\"state.isContentHidden\" data-wp-class--show=\"state.isContentVisible\" data-wp-init=\"callbacks.setButtonStyles\" data-wp-on--click=\"actions.showLightbox\" data-wp-on--load=\"callbacks.setButtonStyles\" data-wp-on-window--resize=\"callbacks.setButtonStyles\" src=\"https:\/\/kuulokenurkka.com\/wp-content\/uploads\/2024\/05\/Paapanta.jpg\" alt=\"\" class=\"wp-image-23524\"\/><button\n\t\t\tclass=\"lightbox-trigger\"\n\t\t\ttype=\"button\"\n\t\t\taria-haspopup=\"dialog\"\n\t\t\taria-label=\"Enlarge\"\n\t\t\tdata-wp-init=\"callbacks.initTriggerButton\"\n\t\t\tdata-wp-on--click=\"actions.showLightbox\"\n\t\t\tdata-wp-style--right=\"state.imageButtonRight\"\n\t\t\tdata-wp-style--top=\"state.imageButtonTop\"\n\t\t>\n\t\t\t<svg xmlns=\"http:\/\/www.w3.org\/2000\/svg\" width=\"12\" height=\"12\" fill=\"none\" viewbox=\"0 0 12 12\">\n\t\t\t\t<path fill=\"#fff\" d=\"M2 0a2 2 0 0 0-2 2v2h1.5V2a.5.5 0 0 1 .5-.5h2V0H2Zm2 10.5H2a.5.5 0 0 1-.5-.5V8H0v2a2 2 0 0 0 2 2h2v-1.5ZM8 12v-1.5h2a.5.5 0 0 0 .5-.5V8H12v2a2 2 0 0 1-2 2H8Zm2-12a2 2 0 0 1 2 2v2h-1.5V2a.5.5 0 0 0-.5-.5H8V0h2Z\" \/>\n\t\t\t<\/svg>\n\t\t<\/button><figcaption class=\"wp-element-caption\"><strong><em>P\u00e4\u00e4pannan keskelle on tehty lovi est\u00e4m\u00e4\u00e4n paineentuneen muodostumista p\u00e4\u00e4laelle.<\/em><\/strong><\/figcaption><\/figure>\n<\/div>\n\n\n<p>Kuulokkeet ansaitsevat kehuni niin ik\u00e4\u00e4n huolettavuudestaan, koska pehmusteosat olisivat helposti vaihdettavissa ja muitakin varaosia l\u00f6ytyy valmistajan valikoimasta kohtuullisesti hinnoiteltuna. Mielenkiintoisena uudistuksena my\u00f6s elementit voitaisiin vaihtaa k\u00e4den k\u00e4\u00e4nteess\u00e4, sill\u00e4 ne kiinnittyv\u00e4t johdotuksiinsa piirilevyn palaan asennetuilla kontaktipinneill\u00e4 sen sijaan, ett\u00e4 omistajan t\u00e4ytyisi k\u00e4ytt\u00e4\u00e4 kolvia. Vastaavaa ratkaisua k\u00e4ytet\u00e4\u00e4n my\u00f6s DT 700 Pro X -mallissa, josta DT 770 Pro X Limited Edition on kuppien sis\u00e4iselt\u00e4 rakenteeltaan k\u00e4yt\u00e4nn\u00f6ss\u00e4 t\u00e4ydellinen kopio. T\u00e4m\u00e4 avaa mielenkiintoisia muokkausmahdollisuuksia, joten palaan asiaan tarkemmin hieman tuonnempana.<\/p>\n\n\n<div class=\"wp-block-image\">\n<figure data-wp-context=\"{&quot;imageId&quot;:&quot;69f0bce28d4ac&quot;}\" data-wp-interactive=\"core\/image\" data-wp-key=\"69f0bce28d4ac\" class=\"aligncenter size-full wp-lightbox-container\"><img loading=\"lazy\" decoding=\"async\" width=\"1826\" height=\"1372\" data-wp-class--hide=\"state.isContentHidden\" data-wp-class--show=\"state.isContentVisible\" data-wp-init=\"callbacks.setButtonStyles\" data-wp-on--click=\"actions.showLightbox\" data-wp-on--load=\"callbacks.setButtonStyles\" data-wp-on-window--resize=\"callbacks.setButtonStyles\" src=\"https:\/\/kuulokenurkka.com\/wp-content\/uploads\/2024\/05\/Pehmusteen_vaihto.jpg\" alt=\"\" class=\"wp-image-23525\"\/><button\n\t\t\tclass=\"lightbox-trigger\"\n\t\t\ttype=\"button\"\n\t\t\taria-haspopup=\"dialog\"\n\t\t\taria-label=\"Enlarge\"\n\t\t\tdata-wp-init=\"callbacks.initTriggerButton\"\n\t\t\tdata-wp-on--click=\"actions.showLightbox\"\n\t\t\tdata-wp-style--right=\"state.imageButtonRight\"\n\t\t\tdata-wp-style--top=\"state.imageButtonTop\"\n\t\t>\n\t\t\t<svg xmlns=\"http:\/\/www.w3.org\/2000\/svg\" width=\"12\" height=\"12\" fill=\"none\" viewbox=\"0 0 12 12\">\n\t\t\t\t<path fill=\"#fff\" d=\"M2 0a2 2 0 0 0-2 2v2h1.5V2a.5.5 0 0 1 .5-.5h2V0H2Zm2 10.5H2a.5.5 0 0 1-.5-.5V8H0v2a2 2 0 0 0 2 2h2v-1.5ZM8 12v-1.5h2a.5.5 0 0 0 .5-.5V8H12v2a2 2 0 0 1-2 2H8Zm2-12a2 2 0 0 1 2 2v2h-1.5V2a.5.5 0 0 0-.5-.5H8V0h2Z\" \/>\n\t\t\t<\/svg>\n\t\t<\/button><figcaption class=\"wp-element-caption\"><strong><em>P\u00e4\u00e4pannan pehmuste on yht\u00e4 helposti vaihdettavissa kuin ennenkin.<\/em><\/strong><\/figcaption><\/figure>\n<\/div>\n\n<div class=\"wp-block-image\">\n<figure data-wp-context=\"{&quot;imageId&quot;:&quot;69f0bce28d676&quot;}\" data-wp-interactive=\"core\/image\" data-wp-key=\"69f0bce28d676\" class=\"aligncenter size-full wp-lightbox-container\"><img loading=\"lazy\" decoding=\"async\" width=\"1789\" height=\"1404\" data-wp-class--hide=\"state.isContentHidden\" data-wp-class--show=\"state.isContentVisible\" data-wp-init=\"callbacks.setButtonStyles\" data-wp-on--click=\"actions.showLightbox\" data-wp-on--load=\"callbacks.setButtonStyles\" data-wp-on-window--resize=\"callbacks.setButtonStyles\" src=\"https:\/\/kuulokenurkka.com\/wp-content\/uploads\/2024\/05\/Elementin_irrotus.jpg\" alt=\"\" class=\"wp-image-23526\"\/><button\n\t\t\tclass=\"lightbox-trigger\"\n\t\t\ttype=\"button\"\n\t\t\taria-haspopup=\"dialog\"\n\t\t\taria-label=\"Enlarge\"\n\t\t\tdata-wp-init=\"callbacks.initTriggerButton\"\n\t\t\tdata-wp-on--click=\"actions.showLightbox\"\n\t\t\tdata-wp-style--right=\"state.imageButtonRight\"\n\t\t\tdata-wp-style--top=\"state.imageButtonTop\"\n\t\t>\n\t\t\t<svg xmlns=\"http:\/\/www.w3.org\/2000\/svg\" width=\"12\" height=\"12\" fill=\"none\" viewbox=\"0 0 12 12\">\n\t\t\t\t<path fill=\"#fff\" d=\"M2 0a2 2 0 0 0-2 2v2h1.5V2a.5.5 0 0 1 .5-.5h2V0H2Zm2 10.5H2a.5.5 0 0 1-.5-.5V8H0v2a2 2 0 0 0 2 2h2v-1.5ZM8 12v-1.5h2a.5.5 0 0 0 .5-.5V8H12v2a2 2 0 0 1-2 2H8Zm2-12a2 2 0 0 1 2 2v2h-1.5V2a.5.5 0 0 0-.5-.5H8V0h2Z\" \/>\n\t\t\t<\/svg>\n\t\t<\/button><figcaption class=\"wp-element-caption\"><strong><em>My\u00f6s elementit voidaan irrottaa, koska ne kiinnittyv\u00e4t johtoihinsa kolvaamisen sijaan liittimill\u00e4.<\/em><\/strong><\/figcaption><\/figure>\n<\/div>\n\n\n<p>DT 770 Pro X pit\u00e4\u00e4 sis\u00e4ll\u00e4\u00e4n valmistajan dynaamiset Stellar.45-elementit, joiden kehykseen ja ilmavirtaukseen on tehty pieni\u00e4 muutoksia DT 700 Pro X:n vastaaviin elementteihin n\u00e4hden. P\u00e4\u00e4llimm\u00e4isen\u00e4 syyn\u00e4 t\u00e4h\u00e4n saattavat olla kahden mallisarjan v\u00e4liset erot korvapehmusteissa, sill\u00e4 kuppirakenne itsess\u00e4\u00e4n on samanlainen. Otetaan kuitenkin t\u00e4st\u00e4kin selv\u00e4\u00e4 tarkemmin jutun loppupuolella.<\/p>\n\n\n<div class=\"wp-block-image\">\n<figure data-wp-context=\"{&quot;imageId&quot;:&quot;69f0bce28d816&quot;}\" data-wp-interactive=\"core\/image\" data-wp-key=\"69f0bce28d816\" class=\"aligncenter size-full wp-lightbox-container\"><img loading=\"lazy\" decoding=\"async\" width=\"1757\" height=\"1424\" data-wp-class--hide=\"state.isContentHidden\" data-wp-class--show=\"state.isContentVisible\" data-wp-init=\"callbacks.setButtonStyles\" data-wp-on--click=\"actions.showLightbox\" data-wp-on--load=\"callbacks.setButtonStyles\" data-wp-on-window--resize=\"callbacks.setButtonStyles\" src=\"https:\/\/kuulokenurkka.com\/wp-content\/uploads\/2024\/05\/Elementti.jpg\" alt=\"\" class=\"wp-image-23528\"\/><button\n\t\t\tclass=\"lightbox-trigger\"\n\t\t\ttype=\"button\"\n\t\t\taria-haspopup=\"dialog\"\n\t\t\taria-label=\"Enlarge\"\n\t\t\tdata-wp-init=\"callbacks.initTriggerButton\"\n\t\t\tdata-wp-on--click=\"actions.showLightbox\"\n\t\t\tdata-wp-style--right=\"state.imageButtonRight\"\n\t\t\tdata-wp-style--top=\"state.imageButtonTop\"\n\t\t>\n\t\t\t<svg xmlns=\"http:\/\/www.w3.org\/2000\/svg\" width=\"12\" height=\"12\" fill=\"none\" viewbox=\"0 0 12 12\">\n\t\t\t\t<path fill=\"#fff\" d=\"M2 0a2 2 0 0 0-2 2v2h1.5V2a.5.5 0 0 1 .5-.5h2V0H2Zm2 10.5H2a.5.5 0 0 1-.5-.5V8H0v2a2 2 0 0 0 2 2h2v-1.5ZM8 12v-1.5h2a.5.5 0 0 0 .5-.5V8H12v2a2 2 0 0 1-2 2H8Zm2-12a2 2 0 0 1 2 2v2h-1.5V2a.5.5 0 0 0-.5-.5H8V0h2Z\" \/>\n\t\t\t<\/svg>\n\t\t<\/button><figcaption class=\"wp-element-caption\"><strong><em>Stellar.45-elementti kehyksess\u00e4\u00e4n.<\/em><\/strong><\/figcaption><\/figure>\n<\/div>\n\n\n<h2 class=\"wp-block-heading\" id=\"aanenlaatu\"><span style=\"text-decoration: underline;\">Sound quality<\/span><\/h2>\n\n\n\n<p>Our frequency response measurements have been made with a clone IEC-60318-4 coupler and KB501X pinnae. The Harman target curve from 2018 is used as a reference point and generalization of the headphone response that would sound good to most people. For more information on the measurements and their accuracy, see <a href=\"http:\/\/kuulokenurkka.com\/en\/headphone-measurements\/\" target=\"_blank\" rel=\"noreferrer noopener\">Headphone Measurements<\/a>-sivulta. DT 770 Pro X:n taajuusvaste on my\u00f6s vertailtavissa muiden mitattujen kuulokkeiden kanssa <a href=\"https:\/\/kuulokenurkka.squig.link\/?share=Harman_2018_Target,DT_770_Pro_X_Limited_Edition_**\" target=\"_blank\" rel=\"noreferrer noopener\">Squiglink<\/a> avulla.<\/p>\n\n\n\n<h3 class=\"wp-block-heading\" id=\"taajuusvaste\" style=\"font-size:23px\">Frequency response:<\/h3>\n\n\n<div class=\"wp-block-image\">\n<figure data-wp-context=\"{&quot;imageId&quot;:&quot;69f0bce28da22&quot;}\" data-wp-interactive=\"core\/image\" data-wp-key=\"69f0bce28da22\" class=\"aligncenter size-full wp-lightbox-container\"><img loading=\"lazy\" decoding=\"async\" width=\"2400\" height=\"1038\" data-wp-class--hide=\"state.isContentHidden\" data-wp-class--show=\"state.isContentVisible\" data-wp-init=\"callbacks.setButtonStyles\" data-wp-on--click=\"actions.showLightbox\" data-wp-on--load=\"callbacks.setButtonStyles\" data-wp-on-window--resize=\"callbacks.setButtonStyles\" src=\"https:\/\/kuulokenurkka.com\/wp-content\/uploads\/2024\/04\/graph83.png\" alt=\"\" class=\"wp-image-23092\"\/><button\n\t\t\tclass=\"lightbox-trigger\"\n\t\t\ttype=\"button\"\n\t\t\taria-haspopup=\"dialog\"\n\t\t\taria-label=\"Enlarge\"\n\t\t\tdata-wp-init=\"callbacks.initTriggerButton\"\n\t\t\tdata-wp-on--click=\"actions.showLightbox\"\n\t\t\tdata-wp-style--right=\"state.imageButtonRight\"\n\t\t\tdata-wp-style--top=\"state.imageButtonTop\"\n\t\t>\n\t\t\t<svg xmlns=\"http:\/\/www.w3.org\/2000\/svg\" width=\"12\" height=\"12\" fill=\"none\" viewbox=\"0 0 12 12\">\n\t\t\t\t<path fill=\"#fff\" d=\"M2 0a2 2 0 0 0-2 2v2h1.5V2a.5.5 0 0 1 .5-.5h2V0H2Zm2 10.5H2a.5.5 0 0 1-.5-.5V8H0v2a2 2 0 0 0 2 2h2v-1.5ZM8 12v-1.5h2a.5.5 0 0 0 .5-.5V8H12v2a2 2 0 0 1-2 2H8Zm2-12a2 2 0 0 1 2 2v2h-1.5V2a.5.5 0 0 0-.5-.5H8V0h2Z\" \/>\n\t\t\t<\/svg>\n\t\t<\/button><figcaption class=\"wp-element-caption\"><strong><em>DT 770 Pro X:n taajuusvaste suhteessa Harmanin tavoitek\u00e4yr\u00e4\u00e4n vuodelta 2018. Mittaukset on tehty IEC711-standardin mukaisella laitteistolla useiden mittauskertojen ja kahden kanavan keskiarvona.<\/em><\/strong><\/figcaption><\/figure>\n<\/div>\n\n<div class=\"wp-block-image\">\n<figure data-wp-context=\"{&quot;imageId&quot;:&quot;69f0bce28dbb5&quot;}\" data-wp-interactive=\"core\/image\" data-wp-key=\"69f0bce28dbb5\" class=\"aligncenter size-full wp-lightbox-container\"><img loading=\"lazy\" decoding=\"async\" width=\"2400\" height=\"1038\" data-wp-class--hide=\"state.isContentHidden\" data-wp-class--show=\"state.isContentVisible\" data-wp-init=\"callbacks.setButtonStyles\" data-wp-on--click=\"actions.showLightbox\" data-wp-on--load=\"callbacks.setButtonStyles\" data-wp-on-window--resize=\"callbacks.setButtonStyles\" src=\"https:\/\/kuulokenurkka.com\/wp-content\/uploads\/2024\/04\/graph87.png\" alt=\"\" class=\"wp-image-23099\"\/><button\n\t\t\tclass=\"lightbox-trigger\"\n\t\t\ttype=\"button\"\n\t\t\taria-haspopup=\"dialog\"\n\t\t\taria-label=\"Enlarge\"\n\t\t\tdata-wp-init=\"callbacks.initTriggerButton\"\n\t\t\tdata-wp-on--click=\"actions.showLightbox\"\n\t\t\tdata-wp-style--right=\"state.imageButtonRight\"\n\t\t\tdata-wp-style--top=\"state.imageButtonTop\"\n\t\t>\n\t\t\t<svg xmlns=\"http:\/\/www.w3.org\/2000\/svg\" width=\"12\" height=\"12\" fill=\"none\" viewbox=\"0 0 12 12\">\n\t\t\t\t<path fill=\"#fff\" d=\"M2 0a2 2 0 0 0-2 2v2h1.5V2a.5.5 0 0 1 .5-.5h2V0H2Zm2 10.5H2a.5.5 0 0 1-.5-.5V8H0v2a2 2 0 0 0 2 2h2v-1.5ZM8 12v-1.5h2a.5.5 0 0 0 .5-.5V8H12v2a2 2 0 0 1-2 2H8Zm2-12a2 2 0 0 1 2 2v2h-1.5V2a.5.5 0 0 0-.5-.5H8V0h2Z\" \/>\n\t\t\t<\/svg>\n\t\t<\/button><figcaption class=\"wp-element-caption\"><strong><em>DT 770 Pro X:n taajuusvaste verrattuna DT 770 Pro (80 ohm) -malliin.<\/em><\/strong><\/figcaption><\/figure>\n<\/div>\n\n\n<p>DT 770 Pro X kuulostaa hurjan v\u00e4rittyneelt\u00e4 jopa Beyerdynamicin mittapuulla. Jos DT 770 Pro oli jo valmiiksi \u00e4\u00e4nelt\u00e4\u00e4n V-tyylinen ja melko kirkas, juhlamalli k\u00e4\u00e4nt\u00e4\u00e4 nupit taajuuskaistan \u00e4\u00e4rip\u00e4iss\u00e4 viel\u00e4kin lujemmalle. Sek\u00e4 bassoa ett\u00e4 diskanttia on lis\u00e4tty reippaasti ja keskitaajuudet soivat nekin aiempaa vaimeammin aivan kuin korostaen entisest\u00e4\u00e4n taajuusvasteen v\u00e4\u00e4ristyneisyytt\u00e4. Edullisista suljetuista kuulokkeista on tullut viime vuosina entist\u00e4 parempia muun muassa AKG:n <a href=\"http:\/\/kuulokenurkka.com\/en\/vertailussa-edulliset-suljetut-kuulokkeet-mita-saa-100-200-eurolla\/\" target=\"_blank\" rel=\"noreferrer noopener\">K361<\/a>:n ja K371:n my\u00f6t\u00e4, joten Beyerdynamicin DT 770 Pro X tuntuu silt\u00e4 kuin se kuuluisi eri aikakaudelle. Toisaalta jos joku pit\u00e4\u00e4 voimakkaan V-tyylisest\u00e4 toistosta, muutamat kuulokkeiden ominaispiirteet voivat my\u00f6s olla miellytt\u00e4vi\u00e4.<\/p>\n\n\n\n<p>Ensinn\u00e4kin taajuusvasteessa n\u00e4kyvien valtavien diskanttikorostumien ei kannata antaa h\u00e4m\u00e4t\u00e4 liikaa, sill\u00e4 vaikka ne ovatkin olemassa, kuulokkeet eiv\u00e4t kuulosta automaattisesti tappavan r\u00e4ike\u00e4lt\u00e4. T\u00e4m\u00e4 johtuu siit\u00e4, ett\u00e4 sopiva \u00e4\u00e4nenvoimakkuus tulee s\u00e4\u00e4detty\u00e4 juuri diskantin tason pohjalta, jolloin todellisuudessa eniten h\u00e4iritsev\u00e4 osa-alue ovat liian et\u00e4iseksi ja heikoksi j\u00e4\u00e4v\u00e4t keskitaajuudet. Maltillisella \u00e4\u00e4nenvoimakkuudella DT 770 Pro X kuulostaa kuitenkin mielest\u00e4ni loudness-tyylisyytens\u00e4 my\u00f6t\u00e4 suhteellisen siedett\u00e4v\u00e4lt\u00e4. Vaikka soittimet ja laulusuoritukset toistuvatkin voimattomina ja suorastaan yksityiskohdattomina, sulavan \u00e4\u00e4nens\u00e4 ansiosta kuulokkeet ovat anteeksiantavat heikkolaatuisille \u00e4\u00e4nitteille. Suuri m\u00e4\u00e4r\u00e4 bassoa kompensoi my\u00f6s tehokkaasti korostuvaa diskanttia, eik\u00e4 yleisess\u00e4 \u00e4\u00e4nenv\u00e4riss\u00e4k\u00e4\u00e4n ole vastaavaa metallisuutta kuin tavallisessa DT 770 Pro:ssa.<\/p>\n\n\n\n<p>\u00c4\u00e4nenvoimakkuutta nostaessa kokonaisuus menee kuitenkin nopeasti rikki, koska diskantista tulee aivan liian ter\u00e4v\u00e4\u00e4 ja huomiota her\u00e4tt\u00e4v\u00e4\u00e4, ja ylemm\u00e4t bassotaajuudet alkavat jytist\u00e4 paksusti ja kumisevasti. Toisaalta voimakkaasti potkiva basso olisi varmasti my\u00f6s monien mieleen. Jonkinlaisena positiivisena puolena voitaisiin edelleen n\u00e4hd\u00e4 my\u00f6s ilmavan ja avoimen tuntuinen \u00e4\u00e4nikuva. Pienen totuttelun j\u00e4lkeen v\u00e4rittynyt esitystapa ei olekaan t\u00e4ysin luokaton, mutta ylikorostuvaa diskanttia vieroksuville tai luonnollisia keskitaajuuksia arvostaville en miss\u00e4\u00e4n nimess\u00e4 DT 770 Pro X:\u00e4\u00e4 suosittelisi, ellei sen \u00e4\u00e4nt\u00e4 hienos\u00e4\u00e4det\u00e4 itse tasapainoisemmaksi. Sek\u00e4 DT 770 Pro (80 ohm) ett\u00e4 DT 700 Pro X kuulostavat oletuksena selv\u00e4sti oikeaoppisemmilta, joten minun on vaikeaa n\u00e4hd\u00e4, ett\u00e4 juhlamalli sopisi paremmin my\u00f6sk\u00e4\u00e4n studioty\u00f6skentelyyn.<\/p>\n\n\n\n<h3 class=\"wp-block-heading\" id=\"basso\" style=\"font-size:23px\">Basso:<\/h3>\n\n\n\n<p>Voimakas bassontoisto voidaan n\u00e4hd\u00e4 yhten\u00e4 DT 770 Pro X:n vahvemmista osa-alueista, sill\u00e4 toistossa on valtavasti potkua \u2013 v\u00e4lill\u00e4 tosin liikaakin. Toiston tukevuus saa parhaimmillaan herk\u00e4sti hymyn huulille, mutta useimmiten keskibasson kumiseva jytin\u00e4 100\u2013150 hertsin v\u00e4lill\u00e4 alkaa h\u00e4irit\u00e4 itse\u00e4ni. Korostunut basso her\u00e4tt\u00e4\u00e4 my\u00f6s koko ajan huomiota, vaikkei kuunneltu musiikki erityisen bassovoittoista olisikaan. Onneksi 250 hertsin kohdalla sijaisteva syv\u00e4 kuoppa est\u00e4\u00e4 sent\u00e4\u00e4n alataajuuksia vuotamasta liikaa keskitaajuuksien puolelle. T\u00e4m\u00e4 yhdistettyn\u00e4 Stellar.45-elementtien mataliin s\u00e4r\u00f6arvoihin tekeekin bassosta korkeaan m\u00e4\u00e4r\u00e4\u00e4ns\u00e4 n\u00e4hden melko puhtaan kuuloista. Esimerkiksi runsaasti alabassoa sis\u00e4lt\u00e4v\u00e4t elokuva-soundtrackit voivat kuulostaa todella dynaamisilta ja immersiivisilt\u00e4.<\/p>\n\n\n\n<p>T\u00e4llainen hauskuutta painottava esitystapa ei kuitenkaan v\u00e4ltt\u00e4m\u00e4tt\u00e4 sovi kunnolla studioty\u00f6skentelyyn, koska basso her\u00e4tt\u00e4\u00e4 kokonaisuudessa selv\u00e4sti enemm\u00e4n huomiota keskitaajuuksiin ja sit\u00e4 my\u00f6t\u00e4 musiikin t\u00e4rke\u00e4mpiin asioihin n\u00e4hden. Mielenkiintoisesti vaimentuneesti soiva 250 hertsin ymp\u00e4rist\u00f6 tekee my\u00f6s alataajuuksista melko onton ja kuolleen kuuloiset, koska t\u00e4m\u00e4 taajuusalue vaikuttaa yleens\u00e4 siihen, kuinka t\u00e4ytel\u00e4isen\u00e4 ja l\u00e4mpim\u00e4n\u00e4 toiston aistimme.<\/p>\n\n\n\n<h3 class=\"wp-block-heading\" id=\"keskitaajuudet\" style=\"font-size:23px\">Keskitaajuudet:<\/h3>\n\n\n\n<p>Vaimeaksi j\u00e4\u00e4v\u00e4t alakeskitaajuudet est\u00e4v\u00e4t my\u00f6s soittimia ja vokalistia kuulostamasta itselt\u00e4\u00e4n, koska toistosta puuttuu potkivasta bassosta huolimatta pohja. Esitystapa j\u00e4\u00e4 heikoksi, ontoksi ja elottomaksi aivan kuin siit\u00e4 olisi hiottu pois kaikki s\u00e4rmikkyys ja yksityiskohtaisuus. Silti samalla koen \u00e4\u00e4nen kirkkaan diskantin ansiosta riitt\u00e4v\u00e4n selke\u00e4ksi, joten kokonaisuus onkin melko erikoinen. Skippaan tavallaan kuunnellessa kokonaan pilalle sulavoitetut alakeskitaajuudet keskittyen vain bassoon ja yl\u00e4taajuuksiin. En tied\u00e4 onko t\u00e4m\u00e4 tarkoituksenmukaista, mutta esitystapaan olisi silti mahdollista tottua, ellei v\u00e4liss\u00e4 tulisi kuunneltua tasapainoisemmin tuunattuja kuulokkeita. Sen j\u00e4lkeen DT 770 Pro X kuulostaa todella v\u00e4rittyneelt\u00e4. Keskitaajuudet j\u00e4\u00e4v\u00e4t yksinkertaisesti liian et\u00e4isiksi ollakseen itselleni miellytt\u00e4v\u00e4t tai mill\u00e4\u00e4n tapaa \u00e4\u00e4nitteille uskolliset.<\/p>\n\n\n\n<p>Kuulokkeita kuunnellessa tapahtuu v\u00e4lill\u00e4 suorastaan h\u00e4mment\u00e4vi\u00e4 asioita, sill\u00e4 yhdell\u00e4 hetkell\u00e4 diskantti saattaa soida todella etualalla ja basso paukuttaa lujaa, kun taas hetken p\u00e4\u00e4st\u00e4 keskitaajuuksille painottuva kohta biisiss\u00e4 saattaa toistua niin vaimeasti, ett\u00e4 sit\u00e4 on vaikeaa kuulla. \u00c4\u00e4nenvoimakkuutta ei kannata kuitenkaan nostaa, koska on odotettavissa, ett\u00e4 hetken p\u00e4\u00e4st\u00e4 yl\u00e4taajuudet l\u00e4v\u00e4ht\u00e4v\u00e4t taas lujaa naamalle. Monesti DT 770 Pro X tuntuu silt\u00e4 kuin kuuntelisin ep\u00e4tasaista livemiksausta, jossa vokalistin mikrofoni on j\u00e4\u00e4nyt liian hiljaiselle bassoon ja rumpujen lautasiin n\u00e4hden.<\/p>\n\n\n<div class=\"wp-block-image\">\n<figure data-wp-context=\"{&quot;imageId&quot;:&quot;69f0bce28de5e&quot;}\" data-wp-interactive=\"core\/image\" data-wp-key=\"69f0bce28de5e\" class=\"aligncenter size-full wp-lightbox-container\"><img loading=\"lazy\" decoding=\"async\" width=\"2163\" height=\"1565\" data-wp-class--hide=\"state.isContentHidden\" data-wp-class--show=\"state.isContentVisible\" data-wp-init=\"callbacks.setButtonStyles\" data-wp-on--click=\"actions.showLightbox\" data-wp-on--load=\"callbacks.setButtonStyles\" data-wp-on-window--resize=\"callbacks.setButtonStyles\" src=\"https:\/\/kuulokenurkka.com\/wp-content\/uploads\/2024\/05\/Lisakuva.jpg\" alt=\"\" class=\"wp-image-23549\"\/><button\n\t\t\tclass=\"lightbox-trigger\"\n\t\t\ttype=\"button\"\n\t\t\taria-haspopup=\"dialog\"\n\t\t\taria-label=\"Enlarge\"\n\t\t\tdata-wp-init=\"callbacks.initTriggerButton\"\n\t\t\tdata-wp-on--click=\"actions.showLightbox\"\n\t\t\tdata-wp-style--right=\"state.imageButtonRight\"\n\t\t\tdata-wp-style--top=\"state.imageButtonTop\"\n\t\t>\n\t\t\t<svg xmlns=\"http:\/\/www.w3.org\/2000\/svg\" width=\"12\" height=\"12\" fill=\"none\" viewbox=\"0 0 12 12\">\n\t\t\t\t<path fill=\"#fff\" d=\"M2 0a2 2 0 0 0-2 2v2h1.5V2a.5.5 0 0 1 .5-.5h2V0H2Zm2 10.5H2a.5.5 0 0 1-.5-.5V8H0v2a2 2 0 0 0 2 2h2v-1.5ZM8 12v-1.5h2a.5.5 0 0 0 .5-.5V8H12v2a2 2 0 0 1-2 2H8Zm2-12a2 2 0 0 1 2 2v2h-1.5V2a.5.5 0 0 0-.5-.5H8V0h2Z\" \/>\n\t\t\t<\/svg>\n\t\t<\/button><\/figure>\n<\/div>\n\n\n<h3 class=\"wp-block-heading\" id=\"diskantti\" style=\"font-size:23px\">Treble:<\/h3>\n\n\n\n<p>Kuulokkeissa tulee en\u00e4\u00e4 nyky\u00e4\u00e4n harvoin vastaan yht\u00e4 korostunutta diskanttia kuin DT 770 Pro X:ss\u00e4, mutta se ei silti l\u00e4ht\u00f6kohtaisesti kuulosta yht\u00e4 \u00e4rsytt\u00e4v\u00e4lt\u00e4 kuin taajuusvastemittaukset antaisivat ymm\u00e4rt\u00e4\u00e4. Koska 8\u201315 kHz:n taajuusv\u00e4li toistuu kaikista taajuusalueista lujimmin, se s\u00e4\u00e4telee automaattisesti sit\u00e4, kuinka korkealla \u00e4\u00e4nenvoimakkuudella kuulokkeita tekee mieli kuunnella. Lujemmalla \u00e4\u00e4nenvoimakkuudella ter\u00e4vyys ja sibilanssi on suorastaan murhaavaa, mutta sietokynnykseni alapuolella pysytelless\u00e4 yl\u00e4taajuudet eiv\u00e4t varsinaisesti koskaan s\u00e4r\u00e4hd\u00e4 korvaan tai tee laulusuorituksista liian pist\u00e4vi\u00e4. T\u00e4ll\u00f6inkin tulen toki keskittyneeksi yl\u00e4taajuuksiin toiston muita osa-alueita enemm\u00e4n. Ehk\u00e4 t\u00e4llainen koetaan hy\u00f6dylliseksi studioymp\u00e4rist\u00f6ss\u00e4 \u00e4\u00e4nitteiden virheit\u00e4 etsiess\u00e4?<\/p>\n\n\n\n<p>En tied\u00e4 johtuuko asia uusista elementeist\u00e4 vai v\u00e4\u00e4ristyneeseen taajuusvasteeseen liittyvist\u00e4 ominaispiirteist\u00e4, mutta DT 770 Pro X:n diskantti kuulostaa korostuneisuudestaan huolimatta v\u00e4hemm\u00e4n metalliselta kuin esimerkiksi DT 770 Pro:n 80 ohmisessa versiossa. Yl\u00e4taajuudet kyll\u00e4 korostuvat aivan liikaa (esimerkiksi rumpujen lautaset kuuluvat todella etualalla), mutta niiden s\u00e4vy on aiempaa miellytt\u00e4v\u00e4mpi. Voi olla, ett\u00e4 basson jytin\u00e4 peitt\u00e4\u00e4 osan ter\u00e4vyydest\u00e4 allensa, sill\u00e4 se on kuulokkeissa heti diskantin j\u00e4lkeen toiseksi eniten huomiota her\u00e4tt\u00e4v\u00e4 piirre.<\/p>\n\n\n\n<h3 class=\"wp-block-heading\" id=\"muita-havaintoja\" style=\"font-size:23px\">Muita havaintoja:<\/h3>\n\n\n\n<p>Musiikkia pelk\u00e4st\u00e4\u00e4n DT 770 Pro X:n kautta kuunnellessa saisi lopulta hyvin v\u00e4\u00e4ristyneen kuvan siit\u00e4, milt\u00e4 eri \u00e4\u00e4nitteet todellisuudessa kuulostavat. Jos unohdetaan kuitenkin t\u00e4m\u00e4, laskisin juhlamallin eduiksi tavalliseen DT 770 Pro:hon verrattuna hauskemman bassontoiston sek\u00e4 ilmavamman ja avoimemman \u00e4\u00e4nikuvan. N\u00e4m\u00e4 piirteet toisaalta kilpailevat kesken\u00e4\u00e4n, koska keskibasson kumina paljastaa kyseess\u00e4 olevan suljettu kuulokemalli. Eritt\u00e4in ep\u00e4tasaista taajuusvastetta lukuun ottamatta DT 770 Pro X:n \u00e4\u00e4nest\u00e4 ei mielest\u00e4ni nouse 200 euron hintaan n\u00e4hden esiin muita heikkouksia. Dynamiikkaa tai erottelukyky\u00e4 on toisaalta vaikeaa arvioida, koska taajuustasapaino ei vastaa sit\u00e4, mihin olen tottunut hyviss\u00e4 kuulokkeissa.<\/p>\n\n\n\n<h2 class=\"wp-block-heading\" id=\"talouspaperi-ja-bassoporttimodi\"><span style=\"text-decoration: underline;\">Talouspaperi- ja bassoporttimodi<\/span><\/h2>\n\n\n\n<p>Koska Beyerdynamicin juhlamalli tuo mieleeni menneet vuosikymmenet, p\u00e4\u00e4tin kokeilla nostalgian innoittamana muutamia DIY-modeja, joita monet perinteisesti ovat valmistajan kuulokkeissa hy\u00f6dynt\u00e4neet.<\/p>\n\n\n<div class=\"wp-block-image\">\n<figure data-wp-context=\"{&quot;imageId&quot;:&quot;69f0bce28e0a2&quot;}\" data-wp-interactive=\"core\/image\" data-wp-key=\"69f0bce28e0a2\" class=\"aligncenter size-full wp-lightbox-container\"><img loading=\"lazy\" decoding=\"async\" width=\"2040\" height=\"1301\" data-wp-class--hide=\"state.isContentHidden\" data-wp-class--show=\"state.isContentVisible\" data-wp-init=\"callbacks.setButtonStyles\" data-wp-on--click=\"actions.showLightbox\" data-wp-on--load=\"callbacks.setButtonStyles\" data-wp-on-window--resize=\"callbacks.setButtonStyles\" src=\"https:\/\/kuulokenurkka.com\/wp-content\/uploads\/2024\/05\/Modailu.jpg\" alt=\"\" class=\"wp-image-23533\"\/><button\n\t\t\tclass=\"lightbox-trigger\"\n\t\t\ttype=\"button\"\n\t\t\taria-haspopup=\"dialog\"\n\t\t\taria-label=\"Enlarge\"\n\t\t\tdata-wp-init=\"callbacks.initTriggerButton\"\n\t\t\tdata-wp-on--click=\"actions.showLightbox\"\n\t\t\tdata-wp-style--right=\"state.imageButtonRight\"\n\t\t\tdata-wp-style--top=\"state.imageButtonTop\"\n\t\t>\n\t\t\t<svg xmlns=\"http:\/\/www.w3.org\/2000\/svg\" width=\"12\" height=\"12\" fill=\"none\" viewbox=\"0 0 12 12\">\n\t\t\t\t<path fill=\"#fff\" d=\"M2 0a2 2 0 0 0-2 2v2h1.5V2a.5.5 0 0 1 .5-.5h2V0H2Zm2 10.5H2a.5.5 0 0 1-.5-.5V8H0v2a2 2 0 0 0 2 2h2v-1.5ZM8 12v-1.5h2a.5.5 0 0 0 .5-.5V8H12v2a2 2 0 0 1-2 2H8Zm2-12a2 2 0 0 1 2 2v2h-1.5V2a.5.5 0 0 0-.5-.5H8V0h2Z\" \/>\n\t\t\t<\/svg>\n\t\t<\/button><figcaption class=\"wp-element-caption\"><strong><em>Parempaa \u00e4\u00e4nt\u00e4 kotikonstein ilman 100 vuoden kokemusta.<\/em><\/strong><\/figcaption><\/figure>\n<\/div>\n\n\n<p>Lis\u00e4sin ensimm\u00e4isen\u00e4 kerroksen talouspaperia elementin etupuolelle eli pehmusteen pohjalle. Odotin t\u00e4m\u00e4n madaltavan jonkin verran diskantin m\u00e4\u00e4r\u00e4\u00e4, mutten olisi uskonut sen korjaavan l\u00e4hes t\u00e4ysin DT 770 Pro X:n ylikirkkautta. Muutos on yksinkertaisuuteensa n\u00e4hden todella dramaattinen, sill\u00e4 sen j\u00e4lkeen \u00e4\u00e4nenvoimakkuutta on mahdollista nostaa ja keskitaajuudet tulevat selv\u00e4sti luonnollisemmin esiin kokonaisuudessa. Toisaalta alakeskitaajuudet toistuvat edelleen turhan kevyesti ja keskibasso jytisee hieman liikaa.<\/p>\n\n\n\n<p>N\u00e4it\u00e4 kahta heikkoutta voidaan lievent\u00e4\u00e4 teippaamalla kuppien takareunassa sijaitsevat bassoportit osittain umpeen. Itse asetin teippipalat siten, ett\u00e4 rei&#8217;ist\u00e4 j\u00e4i noin 25 prosenttia peitt\u00e4m\u00e4tt\u00e4. T\u00e4m\u00e4 siirt\u00e4\u00e4 taajuusvasteeseen muodostuvaa kuoppaa 250 hertsin kohdalta bassoa kohti nostaen samalla alakeskitaajuuksien tasoa. My\u00f6s liiallinen keskibassokorostuma tulee eliminoiduksi l\u00e4hes kokonaan, mik\u00e4 selkeytt\u00e4\u00e4 \u00e4\u00e4nt\u00e4. Kriittisesti arvioituna alataajuuksiin j\u00e4\u00e4v\u00e4 kuoppa on edelleen turhan suuri, mutta siihen on jo mahdollista tottua.<\/p>\n\n\n<div class=\"wp-block-image\">\n<figure data-wp-context=\"{&quot;imageId&quot;:&quot;69f0bce28e297&quot;}\" data-wp-interactive=\"core\/image\" data-wp-key=\"69f0bce28e297\" class=\"aligncenter size-full wp-lightbox-container\"><img loading=\"lazy\" decoding=\"async\" width=\"2400\" height=\"1038\" data-wp-class--hide=\"state.isContentHidden\" data-wp-class--show=\"state.isContentVisible\" data-wp-init=\"callbacks.setButtonStyles\" data-wp-on--click=\"actions.showLightbox\" data-wp-on--load=\"callbacks.setButtonStyles\" data-wp-on-window--resize=\"callbacks.setButtonStyles\" src=\"https:\/\/kuulokenurkka.com\/wp-content\/uploads\/2024\/04\/graph93.png\" alt=\"\" class=\"wp-image-23190\"\/><button\n\t\t\tclass=\"lightbox-trigger\"\n\t\t\ttype=\"button\"\n\t\t\taria-haspopup=\"dialog\"\n\t\t\taria-label=\"Enlarge\"\n\t\t\tdata-wp-init=\"callbacks.initTriggerButton\"\n\t\t\tdata-wp-on--click=\"actions.showLightbox\"\n\t\t\tdata-wp-style--right=\"state.imageButtonRight\"\n\t\t\tdata-wp-style--top=\"state.imageButtonTop\"\n\t\t>\n\t\t\t<svg xmlns=\"http:\/\/www.w3.org\/2000\/svg\" width=\"12\" height=\"12\" fill=\"none\" viewbox=\"0 0 12 12\">\n\t\t\t\t<path fill=\"#fff\" d=\"M2 0a2 2 0 0 0-2 2v2h1.5V2a.5.5 0 0 1 .5-.5h2V0H2Zm2 10.5H2a.5.5 0 0 1-.5-.5V8H0v2a2 2 0 0 0 2 2h2v-1.5ZM8 12v-1.5h2a.5.5 0 0 0 .5-.5V8H12v2a2 2 0 0 1-2 2H8Zm2-12a2 2 0 0 1 2 2v2h-1.5V2a.5.5 0 0 0-.5-.5H8V0h2Z\" \/>\n\t\t\t<\/svg>\n\t\t<\/button><figcaption class=\"wp-element-caption\"><strong><em>Taajuusvaste modausten j\u00e4lkeen.<\/em><\/strong><\/figcaption><\/figure>\n<\/div>\n\n\n<p>N\u00e4ill\u00e4 alle 10 minuuttia vievill\u00e4 ja jokaisen teht\u00e4viss\u00e4 olevilla modauksilla DT 770 Pro X:st\u00e4 on mahdollista saada tasapainoinen kuuloke, joka kuulostaa edelleen suljettu rakenne huomioiden raikkaan avoimelta, ja junttaa voimakkaan alabassonsa ansiosta lujaa. Diskantissa puolestaan on viel\u00e4 hieman lis\u00e4tty\u00e4 s\u00e4ihkett\u00e4 ja kirkkautta, mik\u00e4 palvelee yksityiskohtien havaitsemista. Keskitaajuudet saisivat olla selkeydest\u00e4\u00e4n huolimatta jonkin verran tasaisemmat ja t\u00e4ytel\u00e4isemm\u00e4t, mutta muutamat kuopat h\u00e4iritsev\u00e4t lopulta v\u00e4hemm\u00e4n kuin ett\u00e4 toistossa olisi vastaavia korostumia. Muutosten j\u00e4lkeen DT 770 Pro X kuulostaa jopa melko ep\u00e4tyypilliselt\u00e4 DT 770-sarjalaiselta, koska \u00e4\u00e4ness\u00e4 ei ole mink\u00e4\u00e4nlaista kylmyytt\u00e4 tai metallisuutta, vaan s\u00e4vy on jopa kutsuva. Toisto on my\u00f6s puhdasta ja t\u00e4sm\u00e4llist\u00e4, mik\u00e4 voi hyvinkin olla pienis\u00e4r\u00f6isten Stellar.45-elementtien ansiota. Vertailun vuoksi tavallisen DT 770 Pro:n elementeill\u00e4 alkaa jo olla ik\u00e4\u00e4.<\/p>\n\n\n\n<h2 class=\"wp-block-heading\" id=\"taajuuskorjaaminen\"><span style=\"text-decoration: underline;\">Equalization<\/span><\/h2>\n\n\n\n<p>Mekaanisen muokkaamisen lis\u00e4ksi kuulokkeita voitaisiin toki my\u00f6s taajuuskorjata, jolloin p\u00e4\u00e4st\u00e4isiin eroon taajuusvasteen yksitt\u00e4isist\u00e4 kuopista. T\u00e4ll\u00f6in modeille ei edes olisi tarvetta, koska niiden vaikutukset voidaan hoitaa t\u00e4ysin ohjelmistopohjaisesti.<\/p>\n\n\n\n<p>Sopivat asetukset taajuuskorjaamisen ovat m\u00e4\u00e4ritett\u00e4viss\u00e4 esimerkiksi omien mittausteni pohjalta Squiglink-sivuton AutoEQ-ty\u00f6kalua apua k\u00e4ytt\u00e4en. Olen tehnyt pieni\u00e4 hienos\u00e4\u00e4t\u00f6j\u00e4 korvakuulolla, mutta Harmanin tavoitek\u00e4yr\u00e4 sopii l\u00e4ht\u00f6kohdaksi oikein hyvin. Jokainen kuulokkeet ostanut voi kokeilla alle listaamiani s\u00e4\u00e4t\u00f6j\u00e4 esimerkiksi Equalizer APO -ohjelmistolla. Itse totesin ne toimiviksi <a href=\"http:\/\/kuulokenurkka.com\/en\/qudelix-5k-maailman-monipuolisin-mobiilivahvistin\/\" target=\"_blank\" rel=\"noreferrer noopener\">Qudelix 5K<\/a>:lla. Kuuntelukokemus ei poikkea taajuuskorjaamisen j\u00e4lkeen valtavasti tekemist\u00e4ni modeista, mutta objektiivisesti arvioituna toisto on viel\u00e4 hieman neutraalimpaa ja lineaarisempaa. DT 770 Pro X on joka tapauksessa potentiaalia olla todella hyv\u00e4 kuuloke, kunhan sen taajuusvasteesta tehd\u00e4\u00e4n tasapainoinen.<\/p>\n\n\n<div class=\"wp-block-image\">\n<figure data-wp-context=\"{&quot;imageId&quot;:&quot;69f0bce28e4d1&quot;}\" data-wp-interactive=\"core\/image\" data-wp-key=\"69f0bce28e4d1\" class=\"aligncenter size-full wp-lightbox-container\"><img loading=\"lazy\" decoding=\"async\" width=\"991\" height=\"1115\" data-wp-class--hide=\"state.isContentHidden\" data-wp-class--show=\"state.isContentVisible\" data-wp-init=\"callbacks.setButtonStyles\" data-wp-on--click=\"actions.showLightbox\" data-wp-on--load=\"callbacks.setButtonStyles\" data-wp-on-window--resize=\"callbacks.setButtonStyles\" src=\"https:\/\/kuulokenurkka.com\/wp-content\/uploads\/2024\/05\/kuva.png\" alt=\"\" class=\"wp-image-23515\"\/><button\n\t\t\tclass=\"lightbox-trigger\"\n\t\t\ttype=\"button\"\n\t\t\taria-haspopup=\"dialog\"\n\t\t\taria-label=\"Enlarge\"\n\t\t\tdata-wp-init=\"callbacks.initTriggerButton\"\n\t\t\tdata-wp-on--click=\"actions.showLightbox\"\n\t\t\tdata-wp-style--right=\"state.imageButtonRight\"\n\t\t\tdata-wp-style--top=\"state.imageButtonTop\"\n\t\t>\n\t\t\t<svg xmlns=\"http:\/\/www.w3.org\/2000\/svg\" width=\"12\" height=\"12\" fill=\"none\" viewbox=\"0 0 12 12\">\n\t\t\t\t<path fill=\"#fff\" d=\"M2 0a2 2 0 0 0-2 2v2h1.5V2a.5.5 0 0 1 .5-.5h2V0H2Zm2 10.5H2a.5.5 0 0 1-.5-.5V8H0v2a2 2 0 0 0 2 2h2v-1.5ZM8 12v-1.5h2a.5.5 0 0 0 .5-.5V8H12v2a2 2 0 0 1-2 2H8Zm2-12a2 2 0 0 1 2 2v2h-1.5V2a.5.5 0 0 0-.5-.5H8V0h2Z\" \/>\n\t\t\t<\/svg>\n\t\t<\/button><figcaption class=\"wp-element-caption\"><strong><em>Squiglink-ty\u00f6kalulla m\u00e4\u00e4ritt\u00e4m\u00e4ni taajuuskorjaus Peak-filttereit\u00e4 k\u00e4ytt\u00e4m\u00e4ll\u00e4.<\/em><\/strong><\/figcaption><\/figure>\n<\/div>\n\n\n<p>Hintavampien kuulokkeiden kohdalla en p\u00e4\u00e4s\u00e4\u00e4nt\u00f6isesti n\u00e4e taajuuskorjaamista ratkaisuna valmistajien tekemien virheiden paikkaamiseen, mutta DT 770 Pro x:n kaltaisten edullisempien tuotteiden kanssa vaivann\u00e4\u00f6n voidaan n\u00e4hd\u00e4 maksavan itsens\u00e4 paremmin takaisin etenkin, jos sama hintaluokka ei ole jo valmiiksi saturoitunut paremmista kuulokemalleista.<\/p>\n\n\n\n<h2 class=\"wp-block-heading has-red-color has-text-color has-link-color wp-elements-621f32a238ddee3dafbc8b35b7e36503\" id=\"dt-770-pro-x-limited-edition-vs-dt-700-pro-x\" style=\"font-size:30px\">DT 770 Pro X Limited Edition vs. DT 700 Pro X<\/h2>\n\n\n\n<p><strong>Hinnat: 200 \u20ac vs. 230\u2013250 \u20ac<\/strong><\/p>\n\n\n<div class=\"wp-block-image\">\n<figure data-wp-context=\"{&quot;imageId&quot;:&quot;69f0bce28e73b&quot;}\" data-wp-interactive=\"core\/image\" data-wp-key=\"69f0bce28e73b\" class=\"aligncenter size-full wp-lightbox-container\"><img loading=\"lazy\" decoding=\"async\" width=\"2239\" height=\"1474\" data-wp-class--hide=\"state.isContentHidden\" data-wp-class--show=\"state.isContentVisible\" data-wp-init=\"callbacks.setButtonStyles\" data-wp-on--click=\"actions.showLightbox\" data-wp-on--load=\"callbacks.setButtonStyles\" data-wp-on-window--resize=\"callbacks.setButtonStyles\" src=\"https:\/\/kuulokenurkka.com\/wp-content\/uploads\/2024\/05\/Beyer_kaksikko_2.jpg\" alt=\"\" class=\"wp-image-23543\"\/><button\n\t\t\tclass=\"lightbox-trigger\"\n\t\t\ttype=\"button\"\n\t\t\taria-haspopup=\"dialog\"\n\t\t\taria-label=\"Enlarge\"\n\t\t\tdata-wp-init=\"callbacks.initTriggerButton\"\n\t\t\tdata-wp-on--click=\"actions.showLightbox\"\n\t\t\tdata-wp-style--right=\"state.imageButtonRight\"\n\t\t\tdata-wp-style--top=\"state.imageButtonTop\"\n\t\t>\n\t\t\t<svg xmlns=\"http:\/\/www.w3.org\/2000\/svg\" width=\"12\" height=\"12\" fill=\"none\" viewbox=\"0 0 12 12\">\n\t\t\t\t<path fill=\"#fff\" d=\"M2 0a2 2 0 0 0-2 2v2h1.5V2a.5.5 0 0 1 .5-.5h2V0H2Zm2 10.5H2a.5.5 0 0 1-.5-.5V8H0v2a2 2 0 0 0 2 2h2v-1.5ZM8 12v-1.5h2a.5.5 0 0 0 .5-.5V8H12v2a2 2 0 0 1-2 2H8Zm2-12a2 2 0 0 1 2 2v2h-1.5V2a.5.5 0 0 0-.5-.5H8V0h2Z\" \/>\n\t\t\t<\/svg>\n\t\t<\/button><figcaption class=\"wp-element-caption\"><strong><em>DT 700 Pro X n\u00e4ytt\u00e4\u00e4 kaksikosta hillitymm\u00e4lt\u00e4, mutta se ei olekaan juhlamalli.<\/em><\/strong><\/figcaption><\/figure>\n<\/div>\n\n\n<p>P\u00e4\u00e4dyin hankkimaan tarkempaan vertailuun Beyerdynamicin DT 700 Pro X -kuulokkeet, joita myyd\u00e4\u00e4n edullisimmillaan noin 30 euroa kalliimmalla kuin DT 770 Pro X -juhlamallia. Kuulokkeet on nimetty h\u00e4m\u00e4\u00e4v\u00e4sti l\u00e4hes samalla tavalla, joten t\u00e4m\u00e4n osion seuraaminen voi vaatia tarkkuutta. Onneksi kuulokkeet sent\u00e4\u00e4n n\u00e4ytt\u00e4v\u00e4t erilaisilta, joten ne eiv\u00e4t menisi k\u00e4yt\u00f6ss\u00e4 sekaisin. DT 770 Pro X Limited Edition pohjautuu vanhempaan DT 770 Pro:hon, kun taas DT 700 Pro X n\u00e4ytt\u00e4\u00e4 hieman modernimmalta ja v\u00e4hemm\u00e4n huomiota her\u00e4tt\u00e4v\u00e4lt\u00e4 samoin kun vastaavaan rakenteeseen pohjautuva puoliavoin DT 900 Pro X. Yleinen laatuvaikutelma ylt\u00e4\u00e4 mielest\u00e4ni hieman korkeammalle tasolle kuin juhlamallissa, mutta pid\u00e4n toisaalta siit\u00e4, miten hopeiset tekstit pomppaavat esiin DT 770 Pro X:ss\u00e4. DT 700 Pro X on siihen verrattuna melko vaatimattoman n\u00e4k\u00f6inen niin hyv\u00e4ss\u00e4 kuin pahassakin.<\/p>\n\n\n<div class=\"wp-block-image\">\n<figure data-wp-context=\"{&quot;imageId&quot;:&quot;69f0bce28e92c&quot;}\" data-wp-interactive=\"core\/image\" data-wp-key=\"69f0bce28e92c\" class=\"aligncenter size-full wp-lightbox-container\"><img loading=\"lazy\" decoding=\"async\" width=\"2038\" height=\"1462\" data-wp-class--hide=\"state.isContentHidden\" data-wp-class--show=\"state.isContentVisible\" data-wp-init=\"callbacks.setButtonStyles\" data-wp-on--click=\"actions.showLightbox\" data-wp-on--load=\"callbacks.setButtonStyles\" data-wp-on-window--resize=\"callbacks.setButtonStyles\" src=\"https:\/\/kuulokenurkka.com\/wp-content\/uploads\/2024\/05\/Kahdet_pehmusteet.jpg\" alt=\"\" class=\"wp-image-23542\"\/><button\n\t\t\tclass=\"lightbox-trigger\"\n\t\t\ttype=\"button\"\n\t\t\taria-haspopup=\"dialog\"\n\t\t\taria-label=\"Enlarge\"\n\t\t\tdata-wp-init=\"callbacks.initTriggerButton\"\n\t\t\tdata-wp-on--click=\"actions.showLightbox\"\n\t\t\tdata-wp-style--right=\"state.imageButtonRight\"\n\t\t\tdata-wp-style--top=\"state.imageButtonTop\"\n\t\t>\n\t\t\t<svg xmlns=\"http:\/\/www.w3.org\/2000\/svg\" width=\"12\" height=\"12\" fill=\"none\" viewbox=\"0 0 12 12\">\n\t\t\t\t<path fill=\"#fff\" d=\"M2 0a2 2 0 0 0-2 2v2h1.5V2a.5.5 0 0 1 .5-.5h2V0H2Zm2 10.5H2a.5.5 0 0 1-.5-.5V8H0v2a2 2 0 0 0 2 2h2v-1.5ZM8 12v-1.5h2a.5.5 0 0 0 .5-.5V8H12v2a2 2 0 0 1-2 2H8Zm2-12a2 2 0 0 1 2 2v2h-1.5V2a.5.5 0 0 0-.5-.5H8V0h2Z\" \/>\n\t\t\t<\/svg>\n\t\t<\/button><figcaption class=\"wp-element-caption\"><strong><em>Vasemmalla n\u00e4kyv\u00e4 DT 700 Pro X:n pehmuste tuntuu ylellisemm\u00e4lt\u00e4, mutta on halkaisijaltaan hieman pienempi. <\/em><\/strong><\/figcaption><\/figure>\n<\/div>\n\n\n<p>Toiminnoiltaan tai s\u00e4\u00e4d\u00f6ilt\u00e4\u00e4n kaksikko ei juurikaan poikkea toisistaan lukuun ottamatta sit\u00e4, ett\u00e4 DT 700 Pro X:n korvapehmusteet kiinnittyv\u00e4t kupin reunuksen ymp\u00e4rille venytt\u00e4misen sijaan kiinni painettavalla muovirenkaalla. Uudenlaiset korvapehmusteet tuntuvat materiaaliltaan pehme\u00e4mmilt\u00e4 ja sit\u00e4 my\u00f6t\u00e4 hieman miellytt\u00e4vimmilt\u00e4, mutta korva-aukko on aavistuksen verran pienempi kuin DT 770 Pro X:n pehmusteissa. Vaikka molempien kuulokkeiden k\u00e4ytt\u00e4minen onkin mukavaa, huomaan suosivani juhlamallia, koska se puristuu p\u00e4\u00e4h\u00e4ni kevyemmin ja painaa noin 50 grammaa v\u00e4hemm\u00e4n. DT 700 Pro X muistuttaa lujan puristuksensa ja tiukan istuvuutensa my\u00f6t\u00e4 <a href=\"http:\/\/kuulokenurkka.com\/en\/arvostelu-sennheiser-hd600\/\" target=\"_blank\" rel=\"noreferrer noopener\">Sennheiserin HD 600<\/a>-sarjaa. Valtav\u00e4est\u00f6lle puristusta ei varmasti ole liikaa, mutta joillekin kuulokkeet saattavat tuntua pidemm\u00e4n p\u00e4\u00e4lle hieman h\u00e4iritsevilt\u00e4. Positiivisena puolena lujempi puristus vaikuttaisi kuitenkin parantavan passiivista \u00e4\u00e4nieristyst\u00e4.<\/p>\n\n\n<div class=\"wp-block-image\">\n<figure data-wp-context=\"{&quot;imageId&quot;:&quot;69f0bce28eb72&quot;}\" data-wp-interactive=\"core\/image\" data-wp-key=\"69f0bce28eb72\" class=\"aligncenter size-full wp-lightbox-container\"><img loading=\"lazy\" decoding=\"async\" width=\"1866\" height=\"1328\" data-wp-class--hide=\"state.isContentHidden\" data-wp-class--show=\"state.isContentVisible\" data-wp-init=\"callbacks.setButtonStyles\" data-wp-on--click=\"actions.showLightbox\" data-wp-on--load=\"callbacks.setButtonStyles\" data-wp-on-window--resize=\"callbacks.setButtonStyles\" src=\"https:\/\/kuulokenurkka.com\/wp-content\/uploads\/2024\/05\/Beyer_kaksikko.jpg\" alt=\"\" class=\"wp-image-23544\"\/><button\n\t\t\tclass=\"lightbox-trigger\"\n\t\t\ttype=\"button\"\n\t\t\taria-haspopup=\"dialog\"\n\t\t\taria-label=\"Enlarge\"\n\t\t\tdata-wp-init=\"callbacks.initTriggerButton\"\n\t\t\tdata-wp-on--click=\"actions.showLightbox\"\n\t\t\tdata-wp-style--right=\"state.imageButtonRight\"\n\t\t\tdata-wp-style--top=\"state.imageButtonTop\"\n\t\t>\n\t\t\t<svg xmlns=\"http:\/\/www.w3.org\/2000\/svg\" width=\"12\" height=\"12\" fill=\"none\" viewbox=\"0 0 12 12\">\n\t\t\t\t<path fill=\"#fff\" d=\"M2 0a2 2 0 0 0-2 2v2h1.5V2a.5.5 0 0 1 .5-.5h2V0H2Zm2 10.5H2a.5.5 0 0 1-.5-.5V8H0v2a2 2 0 0 0 2 2h2v-1.5ZM8 12v-1.5h2a.5.5 0 0 0 .5-.5V8H12v2a2 2 0 0 1-2 2H8Zm2-12a2 2 0 0 1 2 2v2h-1.5V2a.5.5 0 0 0-.5-.5H8V0h2Z\" \/>\n\t\t\t<\/svg>\n\t\t<\/button><figcaption class=\"wp-element-caption\"><strong><em>Kuulokkeet ovat pohjimmiltaan hyvin samankaltaiset, vaikka DT 700 Pro X:n uudemmassa rakenteessa jokainen yksityiskohta onkin toteutettu hieman laadukkaammin.<\/em><\/strong><\/figcaption><\/figure>\n<\/div>\n\n\n<p>Varustelun kohdalla kannattaa huomioida, ett\u00e4 ostaja saa hintavamman DT 700 Pro X:n mukana laadukkaamman s\u00e4ilytyspussukan ja kaksi kaapelia (pituudet 1,8 m ja 3 m). DT 770 Pro X -juhlamallin mukana tulee n\u00e4ist\u00e4 kaapeleista vain pidempi. Molemmissa kuulokkeissa kaapeli ja sen pitk\u00e4 liitin osoittavat kupin pohjasta suoraan alasp\u00e4in, joten ne osuvat hieman h\u00e4iritsev\u00e4sti hartiaani etenkin p\u00e4\u00e4t\u00e4 vasemmalle p\u00e4in k\u00e4\u00e4nt\u00e4ess\u00e4. T\u00e4m\u00e4 oltaisiin voitu v\u00e4ltt\u00e4\u00e4 asentamalla liitin osoittamaan hieman etuviistoon.<\/p>\n\n\n\n<h3 class=\"wp-block-heading\" id=\"aanenlaadulliset-erot\" style=\"font-size:26px\">\u00c4\u00e4nenlaadulliset erot<\/h3>\n\n\n\n<p>\u00c4\u00e4nenlaadun vertailua odotin etuk\u00e4teen kaikkein eniten, sill\u00e4 molemmissa kuulokkeissa k\u00e4ytet\u00e4\u00e4n pienin eroin samoja Stellar.45-elementtej\u00e4. Sis\u00e4iselt\u00e4 kuppirakenteeltaan ja osiltaan DT 770 Pro X on k\u00e4yt\u00e4nn\u00f6ss\u00e4 kopio DT 700 Pro X:st\u00e4, mutta erilaiset korvapehmusteet muuttavat lopputulosta. T\u00e4m\u00e4n lis\u00e4ksi DT 700 Pro X:ss\u00e4 elementin etupuolelle on asennettu selv\u00e4sti paksumpi kerros vaimennusmateriaalia, joka vaikuttaa eniten yl\u00e4taajuuksien m\u00e4\u00e4r\u00e4\u00e4n.<\/p>\n\n\n<div class=\"wp-block-image\">\n<figure data-wp-context=\"{&quot;imageId&quot;:&quot;69f0bce28ee4a&quot;}\" data-wp-interactive=\"core\/image\" data-wp-key=\"69f0bce28ee4a\" class=\"aligncenter size-full wp-lightbox-container\"><img loading=\"lazy\" decoding=\"async\" width=\"2400\" height=\"1038\" data-wp-class--hide=\"state.isContentHidden\" data-wp-class--show=\"state.isContentVisible\" data-wp-init=\"callbacks.setButtonStyles\" data-wp-on--click=\"actions.showLightbox\" data-wp-on--load=\"callbacks.setButtonStyles\" data-wp-on-window--resize=\"callbacks.setButtonStyles\" src=\"https:\/\/kuulokenurkka.com\/wp-content\/uploads\/2024\/04\/graph101.png\" alt=\"\" class=\"wp-image-23372\"\/><button\n\t\t\tclass=\"lightbox-trigger\"\n\t\t\ttype=\"button\"\n\t\t\taria-haspopup=\"dialog\"\n\t\t\taria-label=\"Enlarge\"\n\t\t\tdata-wp-init=\"callbacks.initTriggerButton\"\n\t\t\tdata-wp-on--click=\"actions.showLightbox\"\n\t\t\tdata-wp-style--right=\"state.imageButtonRight\"\n\t\t\tdata-wp-style--top=\"state.imageButtonTop\"\n\t\t>\n\t\t\t<svg xmlns=\"http:\/\/www.w3.org\/2000\/svg\" width=\"12\" height=\"12\" fill=\"none\" viewbox=\"0 0 12 12\">\n\t\t\t\t<path fill=\"#fff\" d=\"M2 0a2 2 0 0 0-2 2v2h1.5V2a.5.5 0 0 1 .5-.5h2V0H2Zm2 10.5H2a.5.5 0 0 1-.5-.5V8H0v2a2 2 0 0 0 2 2h2v-1.5ZM8 12v-1.5h2a.5.5 0 0 0 .5-.5V8H12v2a2 2 0 0 1-2 2H8Zm2-12a2 2 0 0 1 2 2v2h-1.5V2a.5.5 0 0 0-.5-.5H8V0h2Z\" \/>\n\t\t\t<\/svg>\n\t\t<\/button><figcaption class=\"wp-element-caption\"><strong><em>Beyerdynamic-mallien taajuusvasteet samalla tavalla mitattuna.<\/em><\/strong><\/figcaption><\/figure>\n<\/div>\n\n\n<p>DT 700 Pro X voi hyvinkin olla Beyerdynamicin parhaiten tuunattu suljettu kuuloke kautta historian. Sen luonnolliset keskitaajuudet ja vain liev\u00e4sti V-tyylinen toisto poikkeavat selv\u00e4sti kirkkaammista DT 770 Pro -malleista. Toiston tasapainoa rikkoo ainoastaan paikoin liikaa korostuva keskibasso ja puuttuva pala yl\u00e4keskitaajuuksien ja diskantin v\u00e4lilt\u00e4 \u2013 t\u00e4m\u00e4 vaikuttaisi jonkinlaiselta rakenteen aiheuttamalta vaiheenkumoutumiselta, mutta onneksi se vain hieman rentouttaa \u00e4\u00e4nt\u00e4. T\u00e4ytel\u00e4iselt\u00e4 tuntuva ja tasapainoinen esitystapa on joka tapauksessa valtava parannus DT 770 Pro X:n vaisuihin keskitaajuuksiin ja muihin taajuusvasteen ep\u00e4tasaisuuksiin n\u00e4hden.<\/p>\n\n\n\n<p>Siin\u00e4 miss\u00e4 DT 770 Pro X:n basso ja diskantti jyr\u00e4\u00e4v\u00e4t keskitaajuudet allensa, DT 700 Pro X:ss\u00e4 alataajuuksissa on vain hieman lis\u00e4tty\u00e4 potkua ja diskantissa juuri sopivasti s\u00e4ihkett\u00e4 ilman, ett\u00e4 se varsinaisesti korostuisi kokonaisuudessa. Per\u00e4j\u00e4lkeen kuunneltuna juhlamalli kuulostaa ohuen ontolta, kirkkaalta ja voimakkaasti jytisev\u00e4lt\u00e4, kun taas DT 700 Pro X on miellytt\u00e4v\u00e4n luonnollinen ja l\u00e4mp\u00f6inen. Toisaalta sen \u00e4\u00e4nikuva j\u00e4\u00e4 melko intiimiksi, kun taas DT 770 Pro X kuulostaa avoimemmalta ja ilmavammalta. Sen esitystapa on muutoinkin hieman el\u00e4v\u00e4mm\u00e4n tuntuinen, mik\u00e4 ei selity pelk\u00e4st\u00e4\u00e4n eroilla taajuusvasteissa.<\/p>\n\n\n\n<p>DT 700 Pro X:n elementtien paksu etuvaimennus on mielest\u00e4ni selv\u00e4sti kuultavissa, sill\u00e4 tasapainoisuudestaan huolimatta \u00e4\u00e4ni j\u00e4\u00e4 erikoisen pehme\u00e4ksi ja yhteen sulautuneeksi. Toisto on tavallaan selke\u00e4\u00e4, mutta joudun silti koko ajan hieman ponnistelemaan saadakseni selv\u00e4\u00e4 pienemmist\u00e4 yksityiskohdista ja \u00e4\u00e4nten \u00e4\u00e4riviivoista. Ymp\u00e4rilleen l\u00e4mp\u00f6\u00e4 s\u00e4teilev\u00e4 keskibasso ei helpota tilannetta, mutta dynamiikaltaan rajoittunut ja tietyll\u00e4 tapaa tasapaksu esitystapa on kuitenkin tyypillinen muillekin paksulti etuvaimennetuille kuulokkeille, kuten <a href=\"http:\/\/kuulokenurkka.com\/en\/vertailussa-edulliset-suljetut-kuulokkeet-mita-saa-100-200-eurolla\/\" target=\"_blank\" rel=\"noreferrer noopener\">Rode NTH100<\/a>:lle, <a href=\"http:\/\/kuulokenurkka.com\/en\/pikatesti-drop-panda\/\" target=\"_blank\" rel=\"noreferrer noopener\">Drop Pandalle<\/a> ja Dan Clark Audion Aeon-sarjalle. Samat havainnot p\u00e4tev\u00e4t my\u00f6s Beyerdynamicin avoimeen DT 900 Pro X -malliin.<\/p>\n\n\n\n<p>Kuuntelukokemus on erikoinen, koska \u00e4\u00e4ness\u00e4 ei tavallaan ole mit\u00e4\u00e4n vikaa, mutta se kuulostaa hieman silt\u00e4 kuin musiikki toistuisi peiton l\u00e4pi. Rennossa kuuntelussa t\u00e4m\u00e4 ei kuitenkaan haittaa, eik\u00e4 siit\u00e4 v\u00e4ltt\u00e4m\u00e4tt\u00e4 olisi haittaa my\u00f6sk\u00e4\u00e4n \u00e4\u00e4nen yleisess\u00e4 monitoroinnissa. Monet ovat suositelleet DT 700 Pro X:\u00e4\u00e4 ja DT 900 Pro X:\u00e4\u00e4 esimerkiksi puheen monitorointiin, mist\u00e4 on helppo olla samaa mielt\u00e4, koska ihmisen \u00e4\u00e4ni toistuu tyylilt\u00e4\u00e4n todella rehellisesti. DT 700 Pro X onkin mielest\u00e4ni kokonaisuutena edelleen oikein hyv\u00e4 ja yleiskuulokkeeksi huomattavasti parempi valinta kuin DT 770 Pro X Limited Edition.<\/p>\n\n\n\n<p>Mielenkiintoisesti juhlamallin vapaammin hengitt\u00e4visss\u00e4 elementeiss\u00e4 on kuitenkin omat etunsa, kunhan kuulokkeiden taajuusvaste on s\u00e4\u00e4detty l\u00e4ht\u00f6tilannetta tasapainoisemmaksi. Esimerkiksi ehdottamieni modausten j\u00e4lkeen se kuulostaa l\u00e4pin\u00e4kyv\u00e4mm\u00e4lt\u00e4 ja yksityiskohtaisemmalta kuin DT 700 Pro X. My\u00f6s \u00e4\u00e4nten tilallinen erottelu on tarkempaa ja \u00e4\u00e4nikuva avaramman tuntuinen. Vaikka keskitaajuudet kuulostavatkin edelleen ohuemmilta ja v\u00e4hemm\u00e4n miellytt\u00e4vilt\u00e4, el\u00e4v\u00e4mpi dynamiikka tekee kuuntelukokemuksesta vaikuttavamman. Pienen vaivann\u00e4\u00f6n j\u00e4lkeen DT 770 Pro X:ll\u00e4 onkin mielest\u00e4ni potentiaalia olla jopa parempi kuin DT 700 Pro X. Itse huomaan suosivani modatun juhlamallin raikkaampaa ja yksityiskohtaisempaa toistoa etenkin, kun kuulokkeiden p\u00e4\u00e4ss\u00e4 pit\u00e4minen on my\u00f6s hieman mukavampaa.<\/p>\n\n\n<div class=\"wp-block-image\">\n<figure data-wp-context=\"{&quot;imageId&quot;:&quot;69f0bce28f12f&quot;}\" data-wp-interactive=\"core\/image\" data-wp-key=\"69f0bce28f12f\" class=\"aligncenter size-full wp-lightbox-container\"><img loading=\"lazy\" decoding=\"async\" width=\"1769\" height=\"1333\" data-wp-class--hide=\"state.isContentHidden\" data-wp-class--show=\"state.isContentVisible\" data-wp-init=\"callbacks.setButtonStyles\" data-wp-on--click=\"actions.showLightbox\" data-wp-on--load=\"callbacks.setButtonStyles\" data-wp-on-window--resize=\"callbacks.setButtonStyles\" src=\"https:\/\/kuulokenurkka.com\/wp-content\/uploads\/2024\/05\/Elementti_DT700.jpg\" alt=\"\" class=\"wp-image-23557\"\/><button\n\t\t\tclass=\"lightbox-trigger\"\n\t\t\ttype=\"button\"\n\t\t\taria-haspopup=\"dialog\"\n\t\t\taria-label=\"Enlarge\"\n\t\t\tdata-wp-init=\"callbacks.initTriggerButton\"\n\t\t\tdata-wp-on--click=\"actions.showLightbox\"\n\t\t\tdata-wp-style--right=\"state.imageButtonRight\"\n\t\t\tdata-wp-style--top=\"state.imageButtonTop\"\n\t\t>\n\t\t\t<svg xmlns=\"http:\/\/www.w3.org\/2000\/svg\" width=\"12\" height=\"12\" fill=\"none\" viewbox=\"0 0 12 12\">\n\t\t\t\t<path fill=\"#fff\" d=\"M2 0a2 2 0 0 0-2 2v2h1.5V2a.5.5 0 0 1 .5-.5h2V0H2Zm2 10.5H2a.5.5 0 0 1-.5-.5V8H0v2a2 2 0 0 0 2 2h2v-1.5ZM8 12v-1.5h2a.5.5 0 0 0 .5-.5V8H12v2a2 2 0 0 1-2 2H8Zm2-12a2 2 0 0 1 2 2v2h-1.5V2a.5.5 0 0 0-.5-.5H8V0h2Z\" \/>\n\t\t\t<\/svg>\n\t\t<\/button><figcaption class=\"wp-element-caption\"><strong><em>DT 700 Pro X:n elementti takaap\u00e4in kuvattuna.<\/em><\/strong><\/figcaption><\/figure>\n<\/div>\n\n<div class=\"wp-block-image\">\n<figure data-wp-context=\"{&quot;imageId&quot;:&quot;69f0bce28f37e&quot;}\" data-wp-interactive=\"core\/image\" data-wp-key=\"69f0bce28f37e\" class=\"aligncenter size-full wp-lightbox-container\"><img loading=\"lazy\" decoding=\"async\" width=\"1844\" height=\"1346\" data-wp-class--hide=\"state.isContentHidden\" data-wp-class--show=\"state.isContentVisible\" data-wp-init=\"callbacks.setButtonStyles\" data-wp-on--click=\"actions.showLightbox\" data-wp-on--load=\"callbacks.setButtonStyles\" data-wp-on-window--resize=\"callbacks.setButtonStyles\" src=\"https:\/\/kuulokenurkka.com\/wp-content\/uploads\/2024\/05\/Elementti2.jpg\" alt=\"\" class=\"wp-image-23536\"\/><button\n\t\t\tclass=\"lightbox-trigger\"\n\t\t\ttype=\"button\"\n\t\t\taria-haspopup=\"dialog\"\n\t\t\taria-label=\"Enlarge\"\n\t\t\tdata-wp-init=\"callbacks.initTriggerButton\"\n\t\t\tdata-wp-on--click=\"actions.showLightbox\"\n\t\t\tdata-wp-style--right=\"state.imageButtonRight\"\n\t\t\tdata-wp-style--top=\"state.imageButtonTop\"\n\t\t>\n\t\t\t<svg xmlns=\"http:\/\/www.w3.org\/2000\/svg\" width=\"12\" height=\"12\" fill=\"none\" viewbox=\"0 0 12 12\">\n\t\t\t\t<path fill=\"#fff\" d=\"M2 0a2 2 0 0 0-2 2v2h1.5V2a.5.5 0 0 1 .5-.5h2V0H2Zm2 10.5H2a.5.5 0 0 1-.5-.5V8H0v2a2 2 0 0 0 2 2h2v-1.5ZM8 12v-1.5h2a.5.5 0 0 0 .5-.5V8H12v2a2 2 0 0 1-2 2H8Zm2-12a2 2 0 0 1 2 2v2h-1.5V2a.5.5 0 0 0-.5-.5H8V0h2Z\" \/>\n\t\t\t<\/svg>\n\t\t<\/button><figcaption class=\"wp-element-caption\"><strong><em>DT 770 Pro X:ss\u00e4 kehyksen reunoilla on v\u00e4hemm\u00e4n ilmareiki\u00e4, kun taas elementin taakse on avattu 4 aukkoa.<\/em><\/strong><\/figcaption><\/figure>\n<\/div>\n\n\n<h2 class=\"wp-block-heading\" id=\"beyer-frankenstein\"><span style=\"text-decoration: underline;\">Beyer-Frankenstein<\/span><\/h2>\n\n\n\n<p>T\u00e4st\u00e4 p\u00e4\u00e4st\u00e4\u00e4nkin lopuksi oivallukseeni siit\u00e4, ett\u00e4 samanlaisen suunnittelun ansiosta DT 700 Pro X -mallin osat sopivat suoraan DT 770 Pro X:\u00e4\u00e4n, jolloin juhlamallista voidaan tehd\u00e4 elementit ja korvapehmusteet vaihtamalla melkoinen Frankensteinin hirvi\u00f6. T\u00e4m\u00e4 avaa my\u00f6s mahdollisuuden kokeilla, milt\u00e4 kuulokkeet kuulostaisivat, jos Beyerdynamic olisi p\u00e4\u00e4tynyt k\u00e4ytt\u00e4m\u00e4\u00e4n niiss\u00e4 suoraan DT 700 Pro X:n osia sen sijaan, ett\u00e4 elementtej\u00e4 on muokattu ja korvapehmusteet otettu DT 770 Pro:sta.<\/p>\n\n\n<div class=\"wp-block-image\">\n<figure data-wp-context=\"{&quot;imageId&quot;:&quot;69f0bce28f61b&quot;}\" data-wp-interactive=\"core\/image\" data-wp-key=\"69f0bce28f61b\" class=\"aligncenter size-full wp-lightbox-container\"><img loading=\"lazy\" decoding=\"async\" width=\"2040\" height=\"1536\" data-wp-class--hide=\"state.isContentHidden\" data-wp-class--show=\"state.isContentVisible\" data-wp-init=\"callbacks.setButtonStyles\" data-wp-on--click=\"actions.showLightbox\" data-wp-on--load=\"callbacks.setButtonStyles\" data-wp-on-window--resize=\"callbacks.setButtonStyles\" src=\"https:\/\/kuulokenurkka.com\/wp-content\/uploads\/2024\/05\/PXL_20240502_203527014.PORTRAIT.jpg\" alt=\"\" class=\"wp-image-23562\"\/><button\n\t\t\tclass=\"lightbox-trigger\"\n\t\t\ttype=\"button\"\n\t\t\taria-haspopup=\"dialog\"\n\t\t\taria-label=\"Enlarge\"\n\t\t\tdata-wp-init=\"callbacks.initTriggerButton\"\n\t\t\tdata-wp-on--click=\"actions.showLightbox\"\n\t\t\tdata-wp-style--right=\"state.imageButtonRight\"\n\t\t\tdata-wp-style--top=\"state.imageButtonTop\"\n\t\t>\n\t\t\t<svg xmlns=\"http:\/\/www.w3.org\/2000\/svg\" width=\"12\" height=\"12\" fill=\"none\" viewbox=\"0 0 12 12\">\n\t\t\t\t<path fill=\"#fff\" d=\"M2 0a2 2 0 0 0-2 2v2h1.5V2a.5.5 0 0 1 .5-.5h2V0H2Zm2 10.5H2a.5.5 0 0 1-.5-.5V8H0v2a2 2 0 0 0 2 2h2v-1.5ZM8 12v-1.5h2a.5.5 0 0 0 .5-.5V8H12v2a2 2 0 0 1-2 2H8Zm2-12a2 2 0 0 1 2 2v2h-1.5V2a.5.5 0 0 0-.5-.5H8V0h2Z\" \/>\n\t\t\t<\/svg>\n\t\t<\/button><figcaption class=\"wp-element-caption\"><strong><em>DT 700 Pro X:n korvapehmusteet kiinnittyv\u00e4t normaalisti DT 770 Pro X:\u00e4\u00e4n, koska muovinen vastinkappale on samanlainen siit\u00e4kin huolimatta, ett\u00e4 kuulokkeiden vakiopehmusteet kiinnitet\u00e4\u00e4n eri tavalla.<\/em><\/strong><\/figcaption><\/figure>\n<\/div>\n\n\n<h3 class=\"wp-block-heading\" id=\"aani-dt-700-pro-x-n-korvapehmusteilla\" style=\"font-size:26px\">\u00c4\u00e4ni DT 700 Pro X:n korvapehmusteilla<\/h3>\n\n\n<div class=\"wp-block-image\">\n<figure data-wp-context=\"{&quot;imageId&quot;:&quot;69f0bce28f89f&quot;}\" data-wp-interactive=\"core\/image\" data-wp-key=\"69f0bce28f89f\" class=\"aligncenter size-full wp-lightbox-container\"><img loading=\"lazy\" decoding=\"async\" width=\"2400\" height=\"1038\" data-wp-class--hide=\"state.isContentHidden\" data-wp-class--show=\"state.isContentVisible\" data-wp-init=\"callbacks.setButtonStyles\" data-wp-on--click=\"actions.showLightbox\" data-wp-on--load=\"callbacks.setButtonStyles\" data-wp-on-window--resize=\"callbacks.setButtonStyles\" src=\"https:\/\/kuulokenurkka.com\/wp-content\/uploads\/2024\/05\/graph105.png\" alt=\"\" class=\"wp-image-23566\"\/><button\n\t\t\tclass=\"lightbox-trigger\"\n\t\t\ttype=\"button\"\n\t\t\taria-haspopup=\"dialog\"\n\t\t\taria-label=\"Enlarge\"\n\t\t\tdata-wp-init=\"callbacks.initTriggerButton\"\n\t\t\tdata-wp-on--click=\"actions.showLightbox\"\n\t\t\tdata-wp-style--right=\"state.imageButtonRight\"\n\t\t\tdata-wp-style--top=\"state.imageButtonTop\"\n\t\t>\n\t\t\t<svg xmlns=\"http:\/\/www.w3.org\/2000\/svg\" width=\"12\" height=\"12\" fill=\"none\" viewbox=\"0 0 12 12\">\n\t\t\t\t<path fill=\"#fff\" d=\"M2 0a2 2 0 0 0-2 2v2h1.5V2a.5.5 0 0 1 .5-.5h2V0H2Zm2 10.5H2a.5.5 0 0 1-.5-.5V8H0v2a2 2 0 0 0 2 2h2v-1.5ZM8 12v-1.5h2a.5.5 0 0 0 .5-.5V8H12v2a2 2 0 0 1-2 2H8Zm2-12a2 2 0 0 1 2 2v2h-1.5V2a.5.5 0 0 0-.5-.5H8V0h2Z\" \/>\n\t\t\t<\/svg>\n\t\t<\/button><figcaption class=\"wp-element-caption\"><strong><em>Taajuusvaste DT 700 Pro X:n korvapehmusteilla vakiopehmusteisiin verrattuna.<\/em><\/strong><\/figcaption><\/figure>\n<\/div>\n\n\n<p>Kun DT 770 Pro X:\u00e4\u00e4n vaihdetaan toisen Beyerdynamic-mallin pehmusteet, \u00e4\u00e4ni muuttuu merkitt\u00e4v\u00e4sti. Kuulokkeista tulee rauhallisemman ja t\u00e4ytel\u00e4isemm\u00e4n kuuloiset. Basso ei en\u00e4\u00e4 ole liian tuhtia, eik\u00e4 diskantti liian kirkasta, joten keskitaajuudet ovat enemm\u00e4n esill\u00e4. Harmillisesti yl\u00e4keskitaajuudet 2\u20134 kHz:n v\u00e4lill\u00e4 j\u00e4\u00e4v\u00e4t kuitenkin vaimeiksi, joten laulajat kuulostavat melko tylsilt\u00e4 ja verhoutuneilta. Toisaalta taajuusvasteeseen syntyv\u00e4 kolo tuo toistoon kiehtovaa tilavuuden tunnetta hieman samaan tapaan kuin ZMF:n Verite-kuulokkeissa. N\u00e4in DT 770 Pro X sopisikin hyvin rentoon kuunteluun, mik\u00e4 poikkeaa t\u00e4ysin V-tyylisest\u00e4 l\u00e4ht\u00f6tilanteesta. Jos joku kokee diskantin edelleen liian kirkkaaksi, sen tasoa saataisiin pudotettua viel\u00e4 3\u20136 desibeli\u00e4 lis\u00e4\u00e4 asentamalla elementtien eteen my\u00f6s DT 700 Pro X -mallin paksummat vaahtokiekot. Kokonaisuutena pid\u00e4n korvapehmusteiden vaihtamista \u00e4\u00e4nenlaadullisena parannuksena, vaikka siit\u00e4 seuraakin uudenlaisia heikkouksia.<\/p>\n\n\n\n<h3 class=\"wp-block-heading\" id=\"milta-dt-770-pro-x-kuulostaa-dt-700-pro-x-n-elementeilla-tai-taysin-kloonattuna\" style=\"font-size:26px\">Milt\u00e4 DT 770 Pro X kuulostaa DT 700 Pro X:n elementeill\u00e4 tai t\u00e4ysin &#8221;kloonattuna&#8221;?<\/h3>\n\n\n\n<p>Seuraavaksi vaihdoin kuulokkeisiin DT 700 Pro X:n elementit, jotka napsahtavat paikoilleen ilman ongelmia. T\u00e4ll\u00e4 tavalla sain selville, millainen juhlamallista olisi voinut tulla, mik\u00e4li valmistaja ei olisi muokannut laisinkaan Stellar.45-elementtej\u00e4, mutta olisi k\u00e4ytt\u00e4nyt kuulokkeissa edelleen nykyisi\u00e4 DT 770 Pro -tyylisi\u00e4 korvapehmusteita.<\/p>\n\n\n\n<p>\u00c4\u00e4nenlaadussa ei melko odotetusti olisi ollut kehumista, sill\u00e4 alakeskitaajuudet olisivat j\u00e4\u00e4neet entist\u00e4 vaimeammiksi ja 2,5 kHz:n kohdalle olisi muodostunut ik\u00e4v\u00e4 korostuma. Diskantin m\u00e4\u00e4r\u00e4 sen sijaan olisi ollut maltillisempi, mutta 5\u20136 kHz:n v\u00e4lille olisi edelleen j\u00e4\u00e4nyt ylim\u00e4\u00e4r\u00e4ist\u00e4 energiaa. DT 700 Pro X:n elementtien ja DT 770 Pro:n korvapehmusteiden heikko yhteensopivuus saattoikin lopulta olla syyn\u00e4 Beyerdynamicin p\u00e4\u00e4t\u00f6kselle muokata elementtien ilmavirtausta DT 770 Pro X -malliin sopivammaksi.<\/p>\n\n\n<div class=\"wp-block-image\">\n<figure data-wp-context=\"{&quot;imageId&quot;:&quot;69f0bce28fb66&quot;}\" data-wp-interactive=\"core\/image\" data-wp-key=\"69f0bce28fb66\" class=\"aligncenter size-full wp-lightbox-container\"><img loading=\"lazy\" decoding=\"async\" width=\"2400\" height=\"1038\" data-wp-class--hide=\"state.isContentHidden\" data-wp-class--show=\"state.isContentVisible\" data-wp-init=\"callbacks.setButtonStyles\" data-wp-on--click=\"actions.showLightbox\" data-wp-on--load=\"callbacks.setButtonStyles\" data-wp-on-window--resize=\"callbacks.setButtonStyles\" src=\"https:\/\/kuulokenurkka.com\/wp-content\/uploads\/2024\/05\/graph106.png\" alt=\"\" class=\"wp-image-23569\"\/><button\n\t\t\tclass=\"lightbox-trigger\"\n\t\t\ttype=\"button\"\n\t\t\taria-haspopup=\"dialog\"\n\t\t\taria-label=\"Enlarge\"\n\t\t\tdata-wp-init=\"callbacks.initTriggerButton\"\n\t\t\tdata-wp-on--click=\"actions.showLightbox\"\n\t\t\tdata-wp-style--right=\"state.imageButtonRight\"\n\t\t\tdata-wp-style--top=\"state.imageButtonTop\"\n\t\t>\n\t\t\t<svg xmlns=\"http:\/\/www.w3.org\/2000\/svg\" width=\"12\" height=\"12\" fill=\"none\" viewbox=\"0 0 12 12\">\n\t\t\t\t<path fill=\"#fff\" d=\"M2 0a2 2 0 0 0-2 2v2h1.5V2a.5.5 0 0 1 .5-.5h2V0H2Zm2 10.5H2a.5.5 0 0 1-.5-.5V8H0v2a2 2 0 0 0 2 2h2v-1.5ZM8 12v-1.5h2a.5.5 0 0 0 .5-.5V8H12v2a2 2 0 0 1-2 2H8Zm2-12a2 2 0 0 1 2 2v2h-1.5V2a.5.5 0 0 0-.5-.5H8V0h2Z\" \/>\n\t\t\t<\/svg>\n\t\t<\/button><figcaption class=\"wp-element-caption\"><strong><em>DT 770 Pro X:n taajuusvaste, kun kuulokkeisiin on vaihdettu DT 700 Pro X:n elementi ja vaimennusvaahto. Korvapehmusteet puolestaan ovat juhlamallin omat.<\/em><\/strong><\/figcaption><\/figure>\n<\/div>\n\n\n<p>Lopuksi tein viel\u00e4 juhlamallista t\u00e4ydellisen kloonin DT 700 Pro X:st\u00e4 nappaamalla siit\u00e4 elementtien ja vaimennusvaahtojen lis\u00e4ksi my\u00f6s korvapehmusteet. Identtisill\u00e4 osilla my\u00f6s taajuusvaste on kahden mallin v\u00e4lill\u00e4 likipit\u00e4en identtinen, mik\u00e4 kertoo siit\u00e4, ettei kuppirakenteissa ole juurikaan eroja, vaikka ulkoap\u00e4in katsottuna kuulokkeet n\u00e4ytt\u00e4v\u00e4tkin erilaisilta. Beyerdynamic olisikin halutessaan voinut tehd\u00e4 DT 770 Pro X:n \u00e4\u00e4nest\u00e4 tasapainoista, koska sill\u00e4 oli jo olemassa sit\u00e4 varten tarvittavat osat. T\u00e4ll\u00f6in sill\u00e4 olisi kuitenkin ollut tuotevalikoimassaan kaksi samanlaista kuuloketta, joten ehk\u00e4p\u00e4 niist\u00e4 on haluttu tehd\u00e4 tarkoituksella erilaiset. Juhlamallin V-tyylinen tuunaus luo lopulta voimakkaampia mielleyhtymi\u00e4 alkuper\u00e4isen DT 770 Pro:n suuntaan, mik\u00e4 vaikuttaisi olleen p\u00e4\u00e4llimm\u00e4isen\u00e4 tavoitteena.<\/p>\n\n\n<div class=\"wp-block-image\">\n<figure data-wp-context=\"{&quot;imageId&quot;:&quot;69f0bce28fdad&quot;}\" data-wp-interactive=\"core\/image\" data-wp-key=\"69f0bce28fdad\" class=\"aligncenter size-full wp-lightbox-container\"><img loading=\"lazy\" decoding=\"async\" width=\"2400\" height=\"1038\" data-wp-class--hide=\"state.isContentHidden\" data-wp-class--show=\"state.isContentVisible\" data-wp-init=\"callbacks.setButtonStyles\" data-wp-on--click=\"actions.showLightbox\" data-wp-on--load=\"callbacks.setButtonStyles\" data-wp-on-window--resize=\"callbacks.setButtonStyles\" src=\"https:\/\/kuulokenurkka.com\/wp-content\/uploads\/2024\/05\/graph107.png\" alt=\"\" class=\"wp-image-23576\"\/><button\n\t\t\tclass=\"lightbox-trigger\"\n\t\t\ttype=\"button\"\n\t\t\taria-haspopup=\"dialog\"\n\t\t\taria-label=\"Enlarge\"\n\t\t\tdata-wp-init=\"callbacks.initTriggerButton\"\n\t\t\tdata-wp-on--click=\"actions.showLightbox\"\n\t\t\tdata-wp-style--right=\"state.imageButtonRight\"\n\t\t\tdata-wp-style--top=\"state.imageButtonTop\"\n\t\t>\n\t\t\t<svg xmlns=\"http:\/\/www.w3.org\/2000\/svg\" width=\"12\" height=\"12\" fill=\"none\" viewbox=\"0 0 12 12\">\n\t\t\t\t<path fill=\"#fff\" d=\"M2 0a2 2 0 0 0-2 2v2h1.5V2a.5.5 0 0 1 .5-.5h2V0H2Zm2 10.5H2a.5.5 0 0 1-.5-.5V8H0v2a2 2 0 0 0 2 2h2v-1.5ZM8 12v-1.5h2a.5.5 0 0 0 .5-.5V8H12v2a2 2 0 0 1-2 2H8Zm2-12a2 2 0 0 1 2 2v2h-1.5V2a.5.5 0 0 0-.5-.5H8V0h2Z\" \/>\n\t\t\t<\/svg>\n\t\t<\/button><figcaption class=\"wp-element-caption\"><strong><em>DT 770 Pro X ja DT 700 Pro X samoilla elementeill\u00e4, vaimennusvaahdoilla ja korvapehmusteilla kuulostavat k\u00e4yt\u00e4nn\u00f6ss\u00e4 identtisilt\u00e4. Erot johtuvat n\u00e4hd\u00e4kseni pitk\u00e4lti sankarakenteen erilaisesta puristusvoimasta.<\/em><\/strong><\/figcaption><\/figure>\n<\/div>\n\n\n<h2 class=\"wp-block-heading\" id=\"millaista-vahvistinta-laitetaan\"><span style=\"text-decoration: underline;\">Millaista vahvistinta laitetaan?<\/span><\/h2>\n\n\n\n<p>DT 770 Pro X ei ole vahvistamisen n\u00e4k\u00f6kulmasta aivan kevyimm\u00e4st\u00e4 p\u00e4\u00e4st\u00e4, koska sen herkkyys on alle 100 dB\/mW, eik\u00e4 impedanssikaan asetu 16\u201332 ohmin v\u00e4lille, vaan hieman korkeampaan 48 ohmin lukemaan. Silti esimerkiksi kannettavien tietokoneiden kuulokeliittimet toistavat kuulokkeita vaivatta, eik\u00e4 erilliselle vahvistimelle v\u00e4ltt\u00e4m\u00e4tt\u00e4 ole tarvetta samoin kun vanhempien 80 ja 250 ohmisten DT 770 Pro-mallien kanssa.<\/p>\n\n\n\n<p>Jonkinasteiseksi haasteeksi DT 770 Pro X:n kanssa saattaa kuitenkin muodostua diskantin r\u00e4ikeys ja rosoisuus, jota pienitehoisilla \u00e4\u00e4nil\u00e4hteill\u00e4 toisinaan esiintyy. Esimerkiksi Macbook Air:illa kuulokkeet ovat tavallista \u00e4rsytt\u00e4v\u00e4mm\u00e4n kuuloiset, kun taas Qudelix 5K:lla toistosta tulee v\u00e4hemm\u00e4n pist\u00e4v\u00e4\u00e4. Hintavammat ty\u00f6p\u00f6yt\u00e4laitteeni tasapainottavat tilannetta entisest\u00e4\u00e4n, mutta vain tiettyyn pisteeseen asti. Kuulokkeet on suunniteltu kirkkaiksi, joten ne pysyv\u00e4t sellaisina laitteistosta riippumatta. Koska hintavampien vahvistimieni balansoidut kuulokeliittimet eiv\u00e4t olisi olleet k\u00e4ytt\u00f6kelpoisia kummankaan testaamani Beyerdynamic-mallin kanssa, kuuntelin kuulokkeita t\u00e4t\u00e4 juttua tehdess\u00e4ni p\u00e4\u00e4asiassa SMSL DL200-yhdistelm\u00e4laitteella, joka ei v\u00e4rit\u00e4 \u00e4\u00e4nt\u00e4 merkitt\u00e4viss\u00e4 m\u00e4\u00e4rin suuntaan tai toiseen.<\/p>\n\n\n\n<h2 class=\"wp-block-heading\" id=\"yhteenveto\"><span style=\"text-decoration: underline;\">Summary<\/span><\/h2>\n\n\n<div class=\"wp-block-image\">\n<figure data-wp-context=\"{&quot;imageId&quot;:&quot;69f0bce290063&quot;}\" data-wp-interactive=\"core\/image\" data-wp-key=\"69f0bce290063\" class=\"aligncenter size-full wp-lightbox-container\"><img loading=\"lazy\" decoding=\"async\" width=\"2015\" height=\"1253\" data-wp-class--hide=\"state.isContentHidden\" data-wp-class--show=\"state.isContentVisible\" data-wp-init=\"callbacks.setButtonStyles\" data-wp-on--click=\"actions.showLightbox\" data-wp-on--load=\"callbacks.setButtonStyles\" data-wp-on-window--resize=\"callbacks.setButtonStyles\" src=\"https:\/\/kuulokenurkka.com\/wp-content\/uploads\/2024\/05\/Canon.jpg\" alt=\"\" class=\"wp-image-23538\"\/><button\n\t\t\tclass=\"lightbox-trigger\"\n\t\t\ttype=\"button\"\n\t\t\taria-haspopup=\"dialog\"\n\t\t\taria-label=\"Enlarge\"\n\t\t\tdata-wp-init=\"callbacks.initTriggerButton\"\n\t\t\tdata-wp-on--click=\"actions.showLightbox\"\n\t\t\tdata-wp-style--right=\"state.imageButtonRight\"\n\t\t\tdata-wp-style--top=\"state.imageButtonTop\"\n\t\t>\n\t\t\t<svg xmlns=\"http:\/\/www.w3.org\/2000\/svg\" width=\"12\" height=\"12\" fill=\"none\" viewbox=\"0 0 12 12\">\n\t\t\t\t<path fill=\"#fff\" d=\"M2 0a2 2 0 0 0-2 2v2h1.5V2a.5.5 0 0 1 .5-.5h2V0H2Zm2 10.5H2a.5.5 0 0 1-.5-.5V8H0v2a2 2 0 0 0 2 2h2v-1.5ZM8 12v-1.5h2a.5.5 0 0 0 .5-.5V8H12v2a2 2 0 0 1-2 2H8Zm2-12a2 2 0 0 1 2 2v2h-1.5V2a.5.5 0 0 0-.5-.5H8V0h2Z\" \/>\n\t\t\t<\/svg>\n\t\t<\/button><\/figure>\n<\/div>\n\n\n<p>DT 770 Pro X on valitettavasti \u00e4\u00e4nelt\u00e4\u00e4n aivan liian V-tyylinen, jotta voisin kutsua sit\u00e4 sellaisenaan hyv\u00e4ksi kuulokkeeksi. Uudet elementit vaikuttavat aiempaa kyvykk\u00e4\u00e4mmilt\u00e4, mutta tuunauksen kohdalla ollaan otettu takapakkia esimerkiksi DT 770 Pro:n 80 ohmiseen versioon n\u00e4hden. My\u00f6s hieman enemm\u00e4n maksava DT 700 Pro X kuulostaa selv\u00e4sti tasapainoisemmalta uhraamatta keskitaajuuksia basson ja diskantin jalkoihin. Koska juhlamalli maksaa 200 euroa, Beyerdynamicilta olisikin mielest\u00e4ni ollut lupa odottaa jotakin parempaa. DT 770 Pro X on kuin tuulahdus menneilt\u00e4 vuosikymmenilt\u00e4, jolloin suljetuissa kuulokkeissa oli viel\u00e4 omat heikkoutensa.<\/p>\n\n\n\n<p>Mieleeni ei tule toista kuulokevalmistajaa, joka olisi p\u00e4\u00e4ssyt juhlimaan 100-vuotissyntym\u00e4p\u00e4iv\u00e4\u00e4, joten DT 770 Pro X tuntuu Beyerdynamicin kannalta hukatulta mahdollisuudelta osoittaa, mit\u00e4 se on t\u00e4n\u00e4 aikana oppinut. Toisaalta valmistajan voidaan n\u00e4hd\u00e4 pysyv\u00e4n uskollisena omalle tuunaustyylilleen, mik\u00e4 miellytt\u00e4nee sen V-tyylisest\u00e4 toistosta pit\u00e4v\u00e4\u00e4 fanikuntaa. Tehdyt ratkaisut vaikuttavat tarkoituksellisilta, sill\u00e4 elementit ja korvapehmusteet suoraan DT 700 Pro X:st\u00e4 ottamalla lopputulos olisi ollut selv\u00e4sti tasapainoisempi, joskaan ei olisi tarjonnut kuluttajille mit\u00e4\u00e4n uutta.<\/p>\n\n\n\n<p>Kiinnostavan juhlamallista tekee lopulta sen monipuolinen modauspotentiaali, koska kuulokkeet reagoivat voimakkaasti kaikenlaisiin muutoksiin. \u00c4\u00e4nenlaatu olisi s\u00e4\u00e4dett\u00e4viss\u00e4 moneen eri suuntaan eli my\u00f6s oikein tasapainoiseksi. Sama onnistuisi vaihtoehtoisesti taajuuskorjaamalla. Kaikki t\u00e4m\u00e4 vaatii ylim\u00e4\u00e4r\u00e4ist\u00e4 vaivann\u00e4k\u00f6\u00e4, mutta sen j\u00e4lkeen voisin suositella kuulokkeita jopa hintavamman DT 700 Pro X:n edelle. K\u00e4ytt\u00f6mukavuus ja kest\u00e4vyys juhlamallissa on totuttuun tapaan kohdallaan \u2013 esimerkiksi AKG:n K371 tuntuu Beyerdynamicin tuotteiden rinnalla l\u00e4hes lelulta. Yhten\u00e4 merkitt\u00e4v\u00e4n\u00e4 uudistuksena DT 770 Pro X tarjoaa my\u00f6s irrotettavan kaapelin, jota monet ovat odottaneet kuin kuuta taivaalta. Koska DT 770 Pro -sarja tuntuu nyt aiempaa modernimmalta ja helppok\u00e4ytt\u00f6isemm\u00e4lt\u00e4, toivonkin valmistajan lis\u00e4\u00e4v\u00e4n aikanaan kaapelin irrottamismahdollisuuden my\u00f6s muihin edullisiin kuulokemalleihinsa.<\/p>\n\n\n\n<h3 class=\"wp-block-heading\" id=\"plussat-ja-miinukset\" style=\"font-size:22px\">Pros and cons:<\/h3>\n\n\n\n<p class=\"has-text-color has-link-color wp-elements-6260debfc4418cae28d7b1f7dbdb2a0a\" style=\"color:#14b928\"><strong>+ Avarahko \u00e4\u00e4nikuva<br>+ Sopii voimakkaan basson yst\u00e4ville<br>+ Kuulostaa v\u00e4hemm\u00e4n metalliselta kuin muut DT 770 Pro -mallit<br>+ Sis\u00e4lt\u00e4\u00e4 paremmat Stellar.45-elementit<br>+ Pienet s\u00e4r\u00f6arvot tukevat taajuuskorjaamista<\/strong><br><strong>+ Valtavasti modauspotentiaalia<br>+ Ulkon\u00e4\u00f6lliset ehostukset ovat toimivia<br>+ Helppo kuorma vahvistimelle<br>+ Erinomainen k\u00e4ytt\u00f6mukavuus<br>+ Kaapeli vihdoin irrotettavissa<br>+ Rakenne on tukeva ja helposti huolettavissa<\/strong><\/p>\n\n\n\n<p class=\"has-dark-yellow-color has-text-color has-link-color wp-elements-7e8ee3ebea6e4ff0a34862170a572496\"><strong>-\/+ Kuulokeliitin ei tue balansoitua \u00e4\u00e4nisignaalia, mutta sille ei toisaalta ole tarvettakaan<\/strong><\/p>\n\n\n\n<p class=\"has-red-color has-text-color has-link-color wp-elements-b7e201154ce86c913150e092588d8a91\"><strong>&#8211; Eritt\u00e4in v\u00e4\u00e4ristynyt taajuustasapaino<br>&#8211; Keskitaajuudet j\u00e4\u00e4v\u00e4t h\u00e4iritsev\u00e4n vaisuiksi ja elottomiksi<br>&#8211; Nykymittapuulla harvinaisen ylikorostunut diskantti<br>&#8211; Keskibasso kumisee liikaa<\/strong><br><strong>&#8211; Pitk\u00e4 kaapeli on hankala kotik\u00e4yt\u00f6ss\u00e4<\/strong><br><strong>&#8211; Kaapeli\/liitin osuu hartiaan p\u00e4\u00e4t\u00e4 k\u00e4\u00e4nt\u00e4ess\u00e4<\/strong><\/p>","protected":false},"excerpt":{"rendered":"<p>Kunnioitettavat 100 vuotta t\u00e4ytt\u00e4v\u00e4 Beyerdynamic juhlistaa pitk\u00e4\u00e4 historiaansa 200 euron hintaisilla DT 770 Pro X -erikoiskuulokkeilla.  <a href=\"https:\/\/kuulokenurkka.com\/en\/arvostelu-beyerdynamic-dt-770-pro-x-limited-edition\/\" class=\"more-link\">Read more<span class=\"screen-reader-text\">Arvostelu: Beyerdynamic DT 770 Pro X Limited Edition<\/span><\/a><\/p>","protected":false},"author":1,"featured_media":23547,"comment_status":"open","ping_status":"open","sticky":false,"template":"","format":"standard","meta":{"om_disable_all_campaigns":false,"_jetpack_memberships_contains_paid_content":false,"footnotes":""},"categories":[3],"tags":[37,26,7,25],"class_list":["post-23062","post","type-post","status-publish","format-standard","has-post-thumbnail","hentry","category-kuulokkeet","tag-beyerdynamic","tag-headphones","tag-kuulokkeet","tag-review"],"jetpack_featured_media_url":"https:\/\/kuulokenurkka.com\/wp-content\/uploads\/2024\/05\/Artikkelikuva.jpg","jetpack_sharing_enabled":true,"_links":{"self":[{"href":"https:\/\/kuulokenurkka.com\/en\/wp-json\/wp\/v2\/posts\/23062","targetHints":{"allow":["GET"]}}],"collection":[{"href":"https:\/\/kuulokenurkka.com\/en\/wp-json\/wp\/v2\/posts"}],"about":[{"href":"https:\/\/kuulokenurkka.com\/en\/wp-json\/wp\/v2\/types\/post"}],"author":[{"embeddable":true,"href":"https:\/\/kuulokenurkka.com\/en\/wp-json\/wp\/v2\/users\/1"}],"replies":[{"embeddable":true,"href":"https:\/\/kuulokenurkka.com\/en\/wp-json\/wp\/v2\/comments?post=23062"}],"version-history":[{"count":7,"href":"https:\/\/kuulokenurkka.com\/en\/wp-json\/wp\/v2\/posts\/23062\/revisions"}],"predecessor-version":[{"id":42767,"href":"https:\/\/kuulokenurkka.com\/en\/wp-json\/wp\/v2\/posts\/23062\/revisions\/42767"}],"wp:featuredmedia":[{"embeddable":true,"href":"https:\/\/kuulokenurkka.com\/en\/wp-json\/wp\/v2\/media\/23547"}],"wp:attachment":[{"href":"https:\/\/kuulokenurkka.com\/en\/wp-json\/wp\/v2\/media?parent=23062"}],"wp:term":[{"taxonomy":"category","embeddable":true,"href":"https:\/\/kuulokenurkka.com\/en\/wp-json\/wp\/v2\/categories?post=23062"},{"taxonomy":"post_tag","embeddable":true,"href":"https:\/\/kuulokenurkka.com\/en\/wp-json\/wp\/v2\/tags?post=23062"}],"curies":[{"name":"wp","href":"https:\/\/api.w.org\/{rel}","templated":true}]}}