{"id":22375,"date":"2024-05-11T07:53:56","date_gmt":"2024-05-11T07:53:56","guid":{"rendered":"http:\/\/kuulokenurkka.com\/?p=22375"},"modified":"2026-01-18T08:23:01","modified_gmt":"2026-01-18T08:23:01","slug":"arvostelu-dan-clark-audio-e3-ja-stealth","status":"publish","type":"post","link":"https:\/\/kuulokenurkka.com\/en\/arvostelu-dan-clark-audio-e3-ja-stealth\/","title":{"rendered":"Arvostelu: Dan Clark Audio E3 ja Stealth"},"content":{"rendered":"<p class=\"has-text-align-center\">Author: <a href=\"http:\/\/kuulokenurkka.com\/en\/author\/aapeli-leminen\/\" target=\"_blank\" rel=\"noreferrer noopener\">Sword of Damocles<\/a><\/p>\n\n\n<div class=\"wp-block-image\">\n<figure class=\"aligncenter size-full\"><img loading=\"lazy\" decoding=\"async\" width=\"1950\" height=\"1335\" src=\"https:\/\/kuulokenurkka.com\/wp-content\/uploads\/2024\/05\/Kasassa.jpg\" alt=\"\" class=\"wp-image-23636\"\/><figcaption class=\"wp-element-caption\"> <\/figcaption><\/figure>\n<\/div>\n\n\n<div class=\"wp-block-rank-math-toc-block\" id=\"rank-math-toc\"><h4>Table of Contents:<\/h4><nav><div><div><a href=\"#tuotepakkaukset-ja-varustelu\">Tuotepakkaukset ja varustelu<\/a><\/div><div><a href=\"#ulkoinen-rakenne\">Ulkoinen rakenne<\/a><\/div><div><a href=\"#istuvuus-ja-kayttomukavuus\">Istuvuus ja k\u00e4ytt\u00f6mukavuus<\/a><\/div><div><a href=\"#v-planar-elementit-ja-amts-etuvaimennus\">V-Planar-elementit ja AMTS-etuvaimennus<\/a><\/div><div><a href=\"#aanenlaatu\">Sound quality<\/a><\/div><div><a href=\"#vahvistus\">Confirmation<\/a><\/div><div><a href=\"#vertailuja-muihin-kuulokkeisiin\">Vertailuja muihin kuulokkeisiin<\/a><\/div><div><a href=\"#dan-clark-audio-e-3-vs-zmf-verite-closed\">Dan Clark Audio E3 vs. ZMF Verite Closed<\/a><\/div><div><a href=\"#yhteenveto\">Summary<\/a><\/div><\/div><\/nav><\/div>\n\n\n\n<p><\/p>\n\n\n\n<figure class=\"wp-block-image size-medium is-resized\"><img loading=\"lazy\" decoding=\"async\" width=\"300\" height=\"104\" src=\"http:\/\/kuulokenurkka.com\/wp-content\/uploads\/2024\/05\/e3-1-300x104.png\" alt=\"\" class=\"wp-image-23688\" style=\"width:170px\"\/><\/figure>\n\n\n\n<ul class=\"wp-block-list\">\n<li>Julkaisuvuosi: 2023<\/li>\n\n\n\n<li>Country of origin: USA<\/li>\n\n\n\n<li>Hinta: 1999 USD \/ 2459 EUR<\/li>\n\n\n\n<li>Type: Closed, over-ear<\/li>\n\n\n\n<li>5th generation planaarielementti: 72 x 45 mm (V-planar-kalvo ja Acoustic Metamaterial Tuning System)<\/li>\n\n\n\n<li>Impedanssi: 27 Ohm<\/li>\n\n\n\n<li>Herkkyys: 90 dB\/mW<\/li>\n\n\n\n<li>Paino: 455 g<\/li>\n\n\n\n<li>Liitintyyppi: 2 x Hirose<\/li>\n\n\n\n<li>VIVO-kaapeli: Pituus 2 m (lis\u00e4hintaan 3 m) \/ liitin XLR tai 6,35 mm (valmistajalta tilatessa lis\u00e4\u00e4 pituus- ja liitinvaihtoehtoja)<\/li>\n\n\n\n<li>Varusteet: Kuljetuskotelo, kaapelipussi, puhdistusliina, aitoustodistus ja k\u00e4ytt\u00f6opas<\/li>\n\n\n\n<li>Takuu: 2 vuotta<\/li>\n<\/ul>\n\n\n\n<p><\/p>\n\n\n\n<figure class=\"wp-block-image size-medium\"><img loading=\"lazy\" decoding=\"async\" width=\"300\" height=\"29\" src=\"http:\/\/kuulokenurkka.com\/wp-content\/uploads\/2024\/05\/Stealth-svg-1-300x29.png\" alt=\"\" class=\"wp-image-23687\"\/><\/figure>\n\n\n\n<ul class=\"wp-block-list\">\n<li>Julkaisuvuosi: 2021<\/li>\n\n\n\n<li>Country of origin: USA<\/li>\n\n\n\n<li>Hinta: 4000 USD \/ 4800 EUR<\/li>\n\n\n\n<li>Type: Closed, over-ear<\/li>\n\n\n\n<li>4th generation planaarielementti: 76 mm x 51 mm (V-planar-kalvo ja Acoustic Metamaterial Tuning System)<\/li>\n\n\n\n<li>Impedanssi: 13 Ohm<\/li>\n\n\n\n<li>Herkkyys: 92 dB\/mW<\/li>\n\n\n\n<li>Paino: 415 g<\/li>\n\n\n\n<li>Liitintyyppi: 2 x Hirose<\/li>\n\n\n\n<li>VIVO-kaapeli: Pituus 2 m (lis\u00e4hintaan 3 m) \/ liitin XLR tai 6,35 mm (valmistajalta tilatessa lis\u00e4\u00e4 pituus- ja liitinvaihtoehtoja)<\/li>\n\n\n\n<li>Varusteet: Kuljetuskotelo, puhdistusliina, aitoustodistus ja k\u00e4ytt\u00f6opas<\/li>\n\n\n\n<li>Takuu: 2 vuotta<\/li>\n<\/ul>\n\n\n\n<p><strong>Arvostelukappaleiden hankintatapa: E3 ostettu itse ja Stealth saatu lainaan maahantuojalta<\/strong><\/p>\n\n\n\n<p>Kuulokenurkassa ollaan j\u00e4lleen tekemisiss\u00e4 erityislaatuisen uutuuden kanssa, sill\u00e4 t\u00e4ll\u00e4 kertaa tarkastelussa ovat yhdysvaltalaisen Dan Clark Audion suljetut E3-planaarikuulokkeet, joita myyd\u00e4\u00e4n Suomessa noin 2500 eurolla. Loppuvuodesta 2023 julkaistu kuulokemalli on mielenkiintoinen siksi, ett\u00e4 se pohjautuu tekniikaltaan ja rakenteeltaan valmistajan 4800 euron hintaiseen Stealth-huippumalliin vuodelta 2021. Koska tuunauskin mukailee molemmissa malleissa Harmanin tavoitek\u00e4yr\u00e4\u00e4 erinomaisen tarkasti, Dan Clark Audion voidaan n\u00e4hd\u00e4 tarjoavan parasta osaamistaan aiempaa lompakkoyst\u00e4v\u00e4llisemmin. Ottaakseni t\u00e4st\u00e4 tarkemmin selv\u00e4\u00e4 hankinkin samanaikaisesti testattavaksi my\u00f6s Stealth-mallin. Se j\u00e4rjestyi yst\u00e4v\u00e4llisesti lainaan <a href=\"https:\/\/www.kruunuradio.fi\/index\" target=\"_blank\" rel=\"noreferrer noopener\">Kruunuradiolta<\/a>, joka toimii Dan Clark Audion tuotteiden maahantuojana Suomessa. Kuulokenurkka kiitt\u00e4\u00e4 yhteisty\u00f6st\u00e4!<\/p>\n\n\n<div class=\"wp-block-image\">\n<figure data-wp-context=\"{&quot;imageId&quot;:&quot;69f0a5c31fbe3&quot;}\" data-wp-interactive=\"core\/image\" data-wp-key=\"69f0a5c31fbe3\" class=\"aligncenter size-full wp-lightbox-container\"><img loading=\"lazy\" decoding=\"async\" width=\"2560\" height=\"1454\" data-wp-class--hide=\"state.isContentHidden\" data-wp-class--show=\"state.isContentVisible\" data-wp-init=\"callbacks.setButtonStyles\" data-wp-on--click=\"actions.showLightbox\" data-wp-on--load=\"callbacks.setButtonStyles\" data-wp-on-window--resize=\"callbacks.setButtonStyles\" src=\"https:\/\/kuulokenurkka.com\/wp-content\/uploads\/2024\/05\/San-Diego-scaled.jpg\" alt=\"\" class=\"wp-image-23696\"\/><button\n\t\t\tclass=\"lightbox-trigger\"\n\t\t\ttype=\"button\"\n\t\t\taria-haspopup=\"dialog\"\n\t\t\taria-label=\"Enlarge\"\n\t\t\tdata-wp-init=\"callbacks.initTriggerButton\"\n\t\t\tdata-wp-on--click=\"actions.showLightbox\"\n\t\t\tdata-wp-style--right=\"state.imageButtonRight\"\n\t\t\tdata-wp-style--top=\"state.imageButtonTop\"\n\t\t>\n\t\t\t<svg xmlns=\"http:\/\/www.w3.org\/2000\/svg\" width=\"12\" height=\"12\" fill=\"none\" viewbox=\"0 0 12 12\">\n\t\t\t\t<path fill=\"#fff\" d=\"M2 0a2 2 0 0 0-2 2v2h1.5V2a.5.5 0 0 1 .5-.5h2V0H2Zm2 10.5H2a.5.5 0 0 1-.5-.5V8H0v2a2 2 0 0 0 2 2h2v-1.5ZM8 12v-1.5h2a.5.5 0 0 0 .5-.5V8H12v2a2 2 0 0 1-2 2H8Zm2-12a2 2 0 0 1 2 2v2h-1.5V2a.5.5 0 0 0-.5-.5H8V0h2Z\" \/>\n\t\t\t<\/svg>\n\t\t<\/button><figcaption class=\"wp-element-caption\"><strong><em>Dan Clark Audion kuulokkeet valmistetaan Kalifornian auringon alla San Diegossa, joka on itseasiassa mielest\u00e4ni varsin viihtyis\u00e4 kaupunki. Kuva hotellin ikkunasta vuodelta 2016.<\/em><\/strong><\/figcaption><\/figure>\n<\/div>\n\n\n<p>Taustana mainitsen testanneeni aikanaan Dan Clark Audion edullisempaan mallisarjaan kuuluvat <a href=\"http:\/\/kuulokenurkka.com\/en\/arvostelu-dan-clark-audio-aeon-2-closed\/\" target=\"_blank\" rel=\"noreferrer noopener\">Aeon 2 Closed<\/a> -kuulokkeet, mink\u00e4 lis\u00e4ksi omistin my\u00f6s jonkin aikaa Drop-sivuston kanssa yhteisty\u00f6n\u00e4 tehdyn Ether CX:n. Kumpikaan n\u00e4ist\u00e4 ei kuitenkaan tehnyt itseeni valtavan suurta vaikutusta, koska niiden tuunaus pohjautuu elementtien voimakkaaseen vaimentamiseen, mink\u00e4 koen tukahduttavan sek\u00e4 toiston dynamiikkaa ett\u00e4 yksityiskohtaisuutta. Valmistajan uusimpien kuulokemallien kohdalla paksu etuvaimennus on kuitenkin korvattu innovatiivisella AMTS-rakenteella, joten haluankin antaa valmistajalle er\u00e4\u00e4nlaisen uuden mahdollisuuden ottamalla sen tuotteita k\u00e4sittelyyn reilun parin vuoden tauon j\u00e4lkeen.<\/p>\n\n\n\n<h2 class=\"wp-block-heading\" id=\"tuotepakkaukset-ja-varustelu\"><span style=\"text-decoration: underline;\">Tuotepakkaukset ja varustelu<\/span><\/h2>\n\n\n<div class=\"wp-block-image\">\n<figure data-wp-context=\"{&quot;imageId&quot;:&quot;69f0a5c320263&quot;}\" data-wp-interactive=\"core\/image\" data-wp-key=\"69f0a5c320263\" class=\"aligncenter size-full wp-lightbox-container\"><img loading=\"lazy\" decoding=\"async\" width=\"2040\" height=\"1440\" data-wp-class--hide=\"state.isContentHidden\" data-wp-class--show=\"state.isContentVisible\" data-wp-init=\"callbacks.setButtonStyles\" data-wp-on--click=\"actions.showLightbox\" data-wp-on--load=\"callbacks.setButtonStyles\" data-wp-on-window--resize=\"callbacks.setButtonStyles\" src=\"https:\/\/kuulokenurkka.com\/wp-content\/uploads\/2024\/05\/E3_laatikko.jpg\" alt=\"\" class=\"wp-image-23629\"\/><button\n\t\t\tclass=\"lightbox-trigger\"\n\t\t\ttype=\"button\"\n\t\t\taria-haspopup=\"dialog\"\n\t\t\taria-label=\"Enlarge\"\n\t\t\tdata-wp-init=\"callbacks.initTriggerButton\"\n\t\t\tdata-wp-on--click=\"actions.showLightbox\"\n\t\t\tdata-wp-style--right=\"state.imageButtonRight\"\n\t\t\tdata-wp-style--top=\"state.imageButtonTop\"\n\t\t>\n\t\t\t<svg xmlns=\"http:\/\/www.w3.org\/2000\/svg\" width=\"12\" height=\"12\" fill=\"none\" viewbox=\"0 0 12 12\">\n\t\t\t\t<path fill=\"#fff\" d=\"M2 0a2 2 0 0 0-2 2v2h1.5V2a.5.5 0 0 1 .5-.5h2V0H2Zm2 10.5H2a.5.5 0 0 1-.5-.5V8H0v2a2 2 0 0 0 2 2h2v-1.5ZM8 12v-1.5h2a.5.5 0 0 0 .5-.5V8H12v2a2 2 0 0 1-2 2H8Zm2-12a2 2 0 0 1 2 2v2h-1.5V2a.5.5 0 0 0-.5-.5H8V0h2Z\" \/>\n\t\t\t<\/svg>\n\t\t<\/button><figcaption class=\"wp-element-caption\"><strong><em>E3 on sujautettu pieneen pahvilaatikkoon kuljetuskotelossaan. Kaapelile on oma pussukka.<\/em><\/strong><\/figcaption><\/figure>\n<\/div>\n\n\n<p>E3 on pakattu niin pieneen pahvilaatikkoon, ettei sis\u00e4lt\u00e4 uskoisi l\u00f6ytyv\u00e4n t\u00e4ysikokoisia planaarikuulokkeita, saatikka viel\u00e4 n\u00e4pp\u00e4r\u00e4\u00e4 kuljetuskoteloakin. Monille kuulokeharrastajille t\u00e4m\u00e4 saattaa kuitenkin jo olla tuttu juttu, koska Dan Clark Audio lanseerasi vuonna 2019 Aeon 2 -sarjansa yhteydess\u00e4 kasaan painuvan sankarakenteen, jota on hy\u00f6dynnetty sittemmin muissakin kuulokemalleissa Stealth mukaan luettuna. P\u00e4\u00e4panta kuppien ymp\u00e4rille painamalla kuulokkeista tulee melko helposti mukana kuljetettavat sill\u00e4 varauksella, ettei pallomainen kotelo v\u00e4ltt\u00e4m\u00e4tt\u00e4 mahdu kaikkein kapeimpiin laukkuihin tai reppuihin. Sek\u00e4 E3:n ett\u00e4 Stealth:in kotelo on saman kokoinen, joten vain p\u00e4\u00e4lle lis\u00e4tty logo erottaa ne toisistaan. Muutoksena Aeon 2:n koteloon n\u00e4hden kaapelille ei en\u00e4\u00e4 l\u00f6ydy omaa lokeroa, vaan sille t\u00e4ytyy keksi\u00e4 erillinen s\u00e4ilytysratkaisu.<\/p>\n\n\n<div class=\"wp-block-image\">\n<figure data-wp-context=\"{&quot;imageId&quot;:&quot;69f0a5c3205f5&quot;}\" data-wp-interactive=\"core\/image\" data-wp-key=\"69f0a5c3205f5\" class=\"aligncenter size-full wp-lightbox-container\"><img loading=\"lazy\" decoding=\"async\" width=\"2560\" height=\"875\" data-wp-class--hide=\"state.isContentHidden\" data-wp-class--show=\"state.isContentVisible\" data-wp-init=\"callbacks.setButtonStyles\" data-wp-on--click=\"actions.showLightbox\" data-wp-on--load=\"callbacks.setButtonStyles\" data-wp-on-window--resize=\"callbacks.setButtonStyles\" src=\"https:\/\/kuulokenurkka.com\/wp-content\/uploads\/2024\/05\/Kotelot3-scaled.jpg\" alt=\"\" class=\"wp-image-23630\"\/><button\n\t\t\tclass=\"lightbox-trigger\"\n\t\t\ttype=\"button\"\n\t\t\taria-haspopup=\"dialog\"\n\t\t\taria-label=\"Enlarge\"\n\t\t\tdata-wp-init=\"callbacks.initTriggerButton\"\n\t\t\tdata-wp-on--click=\"actions.showLightbox\"\n\t\t\tdata-wp-style--right=\"state.imageButtonRight\"\n\t\t\tdata-wp-style--top=\"state.imageButtonTop\"\n\t\t>\n\t\t\t<svg xmlns=\"http:\/\/www.w3.org\/2000\/svg\" width=\"12\" height=\"12\" fill=\"none\" viewbox=\"0 0 12 12\">\n\t\t\t\t<path fill=\"#fff\" d=\"M2 0a2 2 0 0 0-2 2v2h1.5V2a.5.5 0 0 1 .5-.5h2V0H2Zm2 10.5H2a.5.5 0 0 1-.5-.5V8H0v2a2 2 0 0 0 2 2h2v-1.5ZM8 12v-1.5h2a.5.5 0 0 0 .5-.5V8H12v2a2 2 0 0 1-2 2H8Zm2-12a2 2 0 0 1 2 2v2h-1.5V2a.5.5 0 0 0-.5-.5H8V0h2Z\" \/>\n\t\t\t<\/svg>\n\t\t<\/button><\/figure>\n<\/div>\n\n<div class=\"wp-block-image\">\n<figure data-wp-context=\"{&quot;imageId&quot;:&quot;69f0a5c32094b&quot;}\" data-wp-interactive=\"core\/image\" data-wp-key=\"69f0a5c32094b\" class=\"aligncenter size-full wp-lightbox-container\"><img loading=\"lazy\" decoding=\"async\" width=\"2126\" height=\"1299\" data-wp-class--hide=\"state.isContentHidden\" data-wp-class--show=\"state.isContentVisible\" data-wp-init=\"callbacks.setButtonStyles\" data-wp-on--click=\"actions.showLightbox\" data-wp-on--load=\"callbacks.setButtonStyles\" data-wp-on-window--resize=\"callbacks.setButtonStyles\" src=\"https:\/\/kuulokenurkka.com\/wp-content\/uploads\/2024\/05\/Kotelo_vertailu.jpg\" alt=\"\" class=\"wp-image-23627\"\/><button\n\t\t\tclass=\"lightbox-trigger\"\n\t\t\ttype=\"button\"\n\t\t\taria-haspopup=\"dialog\"\n\t\t\taria-label=\"Enlarge\"\n\t\t\tdata-wp-init=\"callbacks.initTriggerButton\"\n\t\t\tdata-wp-on--click=\"actions.showLightbox\"\n\t\t\tdata-wp-style--right=\"state.imageButtonRight\"\n\t\t\tdata-wp-style--top=\"state.imageButtonTop\"\n\t\t>\n\t\t\t<svg xmlns=\"http:\/\/www.w3.org\/2000\/svg\" width=\"12\" height=\"12\" fill=\"none\" viewbox=\"0 0 12 12\">\n\t\t\t\t<path fill=\"#fff\" d=\"M2 0a2 2 0 0 0-2 2v2h1.5V2a.5.5 0 0 1 .5-.5h2V0H2Zm2 10.5H2a.5.5 0 0 1-.5-.5V8H0v2a2 2 0 0 0 2 2h2v-1.5ZM8 12v-1.5h2a.5.5 0 0 0 .5-.5V8H12v2a2 2 0 0 1-2 2H8Zm2-12a2 2 0 0 1 2 2v2h-1.5V2a.5.5 0 0 0-.5-.5H8V0h2Z\" \/>\n\t\t\t<\/svg>\n\t\t<\/button><figcaption class=\"wp-element-caption\"><strong><em>Esimerkiksi Sennheiser Momentum 4:\u00e4\u00e4n verrattuna Dan Clark Audion kotelo on melko paksu, joten se pullottaa jonkin verran selk\u00e4\u00e4 vasten kapeassa repussa kuljetettuna.<\/em><\/strong><\/figcaption><\/figure>\n<\/div>\n\n\n<p>Kummankaan kuulokemallin mukana ei tule kuljetuskoteloa ja kaapelia lukuun ottamatta muita merkitt\u00e4v\u00e4mpi\u00e4 lis\u00e4varusteita, ellei aitoustodistusta, k\u00e4ytt\u00f6opasta ja pient\u00e4 puhdistusliinaa lasketa sellaisiksi. E3:n mukana ostaja saa toki ihan n\u00e4pp\u00e4r\u00e4n pussukan kaapelille, kun taas Stealth toimitetaan suuremmassa ja hienommassa laatikossa ik\u00e4\u00e4n kuin osoituksena korkeammasta myyntihinnasta.<\/p>\n\n\n<div class=\"wp-block-image\">\n<figure data-wp-context=\"{&quot;imageId&quot;:&quot;69f0a5c320ce6&quot;}\" data-wp-interactive=\"core\/image\" data-wp-key=\"69f0a5c320ce6\" class=\"aligncenter size-full wp-lightbox-container\"><img loading=\"lazy\" decoding=\"async\" width=\"2088\" height=\"1532\" data-wp-class--hide=\"state.isContentHidden\" data-wp-class--show=\"state.isContentVisible\" data-wp-init=\"callbacks.setButtonStyles\" data-wp-on--click=\"actions.showLightbox\" data-wp-on--load=\"callbacks.setButtonStyles\" data-wp-on-window--resize=\"callbacks.setButtonStyles\" src=\"https:\/\/kuulokenurkka.com\/wp-content\/uploads\/2024\/05\/Pakkaukset.jpg\" alt=\"\" class=\"wp-image-23626\"\/><button\n\t\t\tclass=\"lightbox-trigger\"\n\t\t\ttype=\"button\"\n\t\t\taria-haspopup=\"dialog\"\n\t\t\taria-label=\"Enlarge\"\n\t\t\tdata-wp-init=\"callbacks.initTriggerButton\"\n\t\t\tdata-wp-on--click=\"actions.showLightbox\"\n\t\t\tdata-wp-style--right=\"state.imageButtonRight\"\n\t\t\tdata-wp-style--top=\"state.imageButtonTop\"\n\t\t>\n\t\t\t<svg xmlns=\"http:\/\/www.w3.org\/2000\/svg\" width=\"12\" height=\"12\" fill=\"none\" viewbox=\"0 0 12 12\">\n\t\t\t\t<path fill=\"#fff\" d=\"M2 0a2 2 0 0 0-2 2v2h1.5V2a.5.5 0 0 1 .5-.5h2V0H2Zm2 10.5H2a.5.5 0 0 1-.5-.5V8H0v2a2 2 0 0 0 2 2h2v-1.5ZM8 12v-1.5h2a.5.5 0 0 0 .5-.5V8H12v2a2 2 0 0 1-2 2H8Zm2-12a2 2 0 0 1 2 2v2h-1.5V2a.5.5 0 0 0-.5-.5H8V0h2Z\" \/>\n\t\t\t<\/svg>\n\t\t<\/button><figcaption class=\"wp-element-caption\"><strong><em>Koteloa ja kaapelia lukuun ottamatta varusteluun ei sis\u00e4lly mit\u00e4\u00e4n erikoisempaa, mutta sarjanumerolla varustettu aitoustodistus luo tuotteista arvokkaan mielikuvan.<\/em><\/strong><\/figcaption><\/figure>\n<\/div>\n\n<div class=\"wp-block-image\">\n<figure data-wp-context=\"{&quot;imageId&quot;:&quot;69f0a5c32109e&quot;}\" data-wp-interactive=\"core\/image\" data-wp-key=\"69f0a5c32109e\" class=\"aligncenter size-full wp-lightbox-container\"><img loading=\"lazy\" decoding=\"async\" width=\"1676\" height=\"1460\" data-wp-class--hide=\"state.isContentHidden\" data-wp-class--show=\"state.isContentVisible\" data-wp-init=\"callbacks.setButtonStyles\" data-wp-on--click=\"actions.showLightbox\" data-wp-on--load=\"callbacks.setButtonStyles\" data-wp-on-window--resize=\"callbacks.setButtonStyles\" src=\"https:\/\/kuulokenurkka.com\/wp-content\/uploads\/2024\/05\/Stealth_laatikko.jpg\" alt=\"\" class=\"wp-image-23632\"\/><button\n\t\t\tclass=\"lightbox-trigger\"\n\t\t\ttype=\"button\"\n\t\t\taria-haspopup=\"dialog\"\n\t\t\taria-label=\"Enlarge\"\n\t\t\tdata-wp-init=\"callbacks.initTriggerButton\"\n\t\t\tdata-wp-on--click=\"actions.showLightbox\"\n\t\t\tdata-wp-style--right=\"state.imageButtonRight\"\n\t\t\tdata-wp-style--top=\"state.imageButtonTop\"\n\t\t>\n\t\t\t<svg xmlns=\"http:\/\/www.w3.org\/2000\/svg\" width=\"12\" height=\"12\" fill=\"none\" viewbox=\"0 0 12 12\">\n\t\t\t\t<path fill=\"#fff\" d=\"M2 0a2 2 0 0 0-2 2v2h1.5V2a.5.5 0 0 1 .5-.5h2V0H2Zm2 10.5H2a.5.5 0 0 1-.5-.5V8H0v2a2 2 0 0 0 2 2h2v-1.5ZM8 12v-1.5h2a.5.5 0 0 0 .5-.5V8H12v2a2 2 0 0 1-2 2H8Zm2-12a2 2 0 0 1 2 2v2h-1.5V2a.5.5 0 0 0-.5-.5H8V0h2Z\" \/>\n\t\t\t<\/svg>\n\t\t<\/button><figcaption class=\"wp-element-caption\"><strong><em>Stealth-mallin esillepano on varsin tyylik\u00e4s. Kaapelin suojana olisi viel\u00e4 uudet kuulokkeet avatessa pieni pahvilaatikko, mutta lainatuotteesta se puuttui.<\/em><\/strong><\/figcaption><\/figure>\n<\/div>\n\n\n<p>E3:n ja Stealth:in ostaja saa valmistajan laadukkaimman VIVO-kaapelin, jollainen maksaisi erikseen ostettuna noin 300 euroa. E3:n perushintaan sis\u00e4ltyy 2 metrinen kaapeli, mutta maltillisella 50 euron lis\u00e4hinnalla se voitaisiin p\u00e4ivitt\u00e4\u00e4 3 metriseen. Vahvistimeen kiinnittyv\u00e4 liitin on valittavissa balansoidun XLR:n ja perinteisen 6,35 millimetrisen v\u00e4lilt\u00e4. Dan Clark Audion omasta verkkokaupasta kuulokkeet tilatessa tarjolla olisi muitakin liitinvaihtoehtoja ja mobiilik\u00e4ytt\u00f6\u00f6n paremmin soveltuva 1,1 metrinen kaapeli. Samat kaapelivaihtoehdot koskevat my\u00f6s Stealth-mallia, mutta esimerkiksi Kruunuradiolta kuulokkeet ostaessa hintaan sis\u00e4ltyy valmiiksi 3 metrinen kaapeli.<\/p>\n\n\n<div class=\"wp-block-image\">\n<figure data-wp-context=\"{&quot;imageId&quot;:&quot;69f0a5c321447&quot;}\" data-wp-interactive=\"core\/image\" data-wp-key=\"69f0a5c321447\" class=\"aligncenter size-full wp-lightbox-container\"><img loading=\"lazy\" decoding=\"async\" width=\"2013\" height=\"1403\" data-wp-class--hide=\"state.isContentHidden\" data-wp-class--show=\"state.isContentVisible\" data-wp-init=\"callbacks.setButtonStyles\" data-wp-on--click=\"actions.showLightbox\" data-wp-on--load=\"callbacks.setButtonStyles\" data-wp-on-window--resize=\"callbacks.setButtonStyles\" src=\"https:\/\/kuulokenurkka.com\/wp-content\/uploads\/2024\/05\/VIVO-kaapeli.jpg\" alt=\"\" class=\"wp-image-23633\"\/><button\n\t\t\tclass=\"lightbox-trigger\"\n\t\t\ttype=\"button\"\n\t\t\taria-haspopup=\"dialog\"\n\t\t\taria-label=\"Enlarge\"\n\t\t\tdata-wp-init=\"callbacks.initTriggerButton\"\n\t\t\tdata-wp-on--click=\"actions.showLightbox\"\n\t\t\tdata-wp-style--right=\"state.imageButtonRight\"\n\t\t\tdata-wp-style--top=\"state.imageButtonTop\"\n\t\t>\n\t\t\t<svg xmlns=\"http:\/\/www.w3.org\/2000\/svg\" width=\"12\" height=\"12\" fill=\"none\" viewbox=\"0 0 12 12\">\n\t\t\t\t<path fill=\"#fff\" d=\"M2 0a2 2 0 0 0-2 2v2h1.5V2a.5.5 0 0 1 .5-.5h2V0H2Zm2 10.5H2a.5.5 0 0 1-.5-.5V8H0v2a2 2 0 0 0 2 2h2v-1.5ZM8 12v-1.5h2a.5.5 0 0 0 .5-.5V8H12v2a2 2 0 0 1-2 2H8Zm2-12a2 2 0 0 1 2 2v2h-1.5V2a.5.5 0 0 0-.5-.5H8V0h2Z\" \/>\n\t\t\t<\/svg>\n\t\t<\/button><figcaption class=\"wp-element-caption\"><strong><em>Kuulokkeiden mukana tulee paksu ja laadukas VIVO-kaapeli.<\/em><\/strong><\/figcaption><\/figure>\n<\/div>\n\n\n<p>Pehme\u00e4ll\u00e4 kankaalla sukitettu VIVO-kaapeli voi n\u00e4ytt\u00e4\u00e4 paksuutensa vuoksi ep\u00e4k\u00e4yt\u00e4nn\u00f6lliselt\u00e4 ja sen voisi olettaa olevan hyppynarumaisen j\u00e4ykk\u00e4. Todellisuudessa se on kuitenkin miellytt\u00e4v\u00e4n taipuisa ja se pysyy my\u00f6s ihailtavan suorana tai vaihtoehtoisesti laskostettuna juuri siin\u00e4 asennossa kuin k\u00e4yt\u00f6n kannalta on optimaalista. Painoakin kaapelilla on sopivasti, joten Dan Clark Audio on mielest\u00e4ni onnistunut sen suunnittelussa erinomaisesti. Paksuudesta ei tietenk\u00e4\u00e4n ole varsinaista \u00e4\u00e4nenlaadullista hy\u00f6ty\u00e4, mutta sen my\u00f6t\u00e4 kuulokkeiden k\u00e4ytt\u00e4minen tuntuu tietyll\u00e4 tapaa ylelliselt\u00e4.<\/p>\n\n\n\n<p>Kuulokkeisiin kaapeli kiinnittyy Dan Clark Audiolle ominaiseen tapaan eritt\u00e4in kest\u00e4vill\u00e4 Hirose-liittimill\u00e4, joita voisi olettaa n\u00e4kev\u00e4ns\u00e4 esimerkiksi sairaalan ja armeijan kalustossa. Kaapelin kiinni napsauttaminen on hauskaa ja irrottaminenkin helppoa. N\u00e4kisinkin mieluusti samoja liittimi\u00e4 my\u00f6s muiden valmistajien huippukuulokkeissa, mutta jostakin syyst\u00e4 ne eiv\u00e4t ole viel\u00e4 yleistyneet. Toisaalta erikoisliittimet hankaloittavat aina kaapelihankintoja, joten ei olisi my\u00f6sk\u00e4\u00e4n suotavaa, ett\u00e4 jokainen valmistaja turvautuisi erilaisiin liittimiin.<\/p>\n\n\n<div class=\"wp-block-image\">\n<figure data-wp-context=\"{&quot;imageId&quot;:&quot;69f0a5c3217eb&quot;}\" data-wp-interactive=\"core\/image\" data-wp-key=\"69f0a5c3217eb\" class=\"aligncenter size-full wp-lightbox-container\"><img loading=\"lazy\" decoding=\"async\" width=\"2040\" height=\"1223\" data-wp-class--hide=\"state.isContentHidden\" data-wp-class--show=\"state.isContentVisible\" data-wp-init=\"callbacks.setButtonStyles\" data-wp-on--click=\"actions.showLightbox\" data-wp-on--load=\"callbacks.setButtonStyles\" data-wp-on-window--resize=\"callbacks.setButtonStyles\" src=\"https:\/\/kuulokenurkka.com\/wp-content\/uploads\/2024\/05\/HIROSE.jpg\" alt=\"\" class=\"wp-image-23635\"\/><button\n\t\t\tclass=\"lightbox-trigger\"\n\t\t\ttype=\"button\"\n\t\t\taria-haspopup=\"dialog\"\n\t\t\taria-label=\"Enlarge\"\n\t\t\tdata-wp-init=\"callbacks.initTriggerButton\"\n\t\t\tdata-wp-on--click=\"actions.showLightbox\"\n\t\t\tdata-wp-style--right=\"state.imageButtonRight\"\n\t\t\tdata-wp-style--top=\"state.imageButtonTop\"\n\t\t>\n\t\t\t<svg xmlns=\"http:\/\/www.w3.org\/2000\/svg\" width=\"12\" height=\"12\" fill=\"none\" viewbox=\"0 0 12 12\">\n\t\t\t\t<path fill=\"#fff\" d=\"M2 0a2 2 0 0 0-2 2v2h1.5V2a.5.5 0 0 1 .5-.5h2V0H2Zm2 10.5H2a.5.5 0 0 1-.5-.5V8H0v2a2 2 0 0 0 2 2h2v-1.5ZM8 12v-1.5h2a.5.5 0 0 0 .5-.5V8H12v2a2 2 0 0 1-2 2H8Zm2-12a2 2 0 0 1 2 2v2h-1.5V2a.5.5 0 0 0-.5-.5H8V0h2Z\" \/>\n\t\t\t<\/svg>\n\t\t<\/button><figcaption class=\"wp-element-caption\"><strong><em>Hirose-liitin lukittuu tukevasti ja se saadaan irrotettua helposti jousitetusta ulkokuoresta vet\u00e4m\u00e4ll\u00e4.<\/em><\/strong><\/figcaption><\/figure>\n<\/div>\n\n<div class=\"wp-block-image\">\n<figure data-wp-context=\"{&quot;imageId&quot;:&quot;69f0a5c321b2b&quot;}\" data-wp-interactive=\"core\/image\" data-wp-key=\"69f0a5c321b2b\" class=\"aligncenter size-full wp-lightbox-container\"><img loading=\"lazy\" decoding=\"async\" width=\"2040\" height=\"1479\" data-wp-class--hide=\"state.isContentHidden\" data-wp-class--show=\"state.isContentVisible\" data-wp-init=\"callbacks.setButtonStyles\" data-wp-on--click=\"actions.showLightbox\" data-wp-on--load=\"callbacks.setButtonStyles\" data-wp-on-window--resize=\"callbacks.setButtonStyles\" src=\"https:\/\/kuulokenurkka.com\/wp-content\/uploads\/2024\/05\/VIVO-kaapeli2.jpg\" alt=\"\" class=\"wp-image-23634\"\/><button\n\t\t\tclass=\"lightbox-trigger\"\n\t\t\ttype=\"button\"\n\t\t\taria-haspopup=\"dialog\"\n\t\t\taria-label=\"Enlarge\"\n\t\t\tdata-wp-init=\"callbacks.initTriggerButton\"\n\t\t\tdata-wp-on--click=\"actions.showLightbox\"\n\t\t\tdata-wp-style--right=\"state.imageButtonRight\"\n\t\t\tdata-wp-style--top=\"state.imageButtonTop\"\n\t\t>\n\t\t\t<svg xmlns=\"http:\/\/www.w3.org\/2000\/svg\" width=\"12\" height=\"12\" fill=\"none\" viewbox=\"0 0 12 12\">\n\t\t\t\t<path fill=\"#fff\" d=\"M2 0a2 2 0 0 0-2 2v2h1.5V2a.5.5 0 0 1 .5-.5h2V0H2Zm2 10.5H2a.5.5 0 0 1-.5-.5V8H0v2a2 2 0 0 0 2 2h2v-1.5ZM8 12v-1.5h2a.5.5 0 0 0 .5-.5V8H12v2a2 2 0 0 1-2 2H8Zm2-12a2 2 0 0 1 2 2v2h-1.5V2a.5.5 0 0 0-.5-.5H8V0h2Z\" \/>\n\t\t\t<\/svg>\n\t\t<\/button><figcaption class=\"wp-element-caption\"><strong><em>Stealth-mallin 3 metrinen kaapeli laskostuu paksuudestaan huolimatta n\u00e4tisti kelalle rimpuilematta mihink\u00e4\u00e4n suuntaan.<\/em><\/strong><\/figcaption><\/figure>\n<\/div>\n\n\n<h2 class=\"wp-block-heading\" id=\"ulkoinen-rakenne\"><span style=\"text-decoration: underline;\">Ulkoinen rakenne<\/span><\/h2>\n\n\n\n<p>E3 ja pari vuotta aiemmin julkaistu Stealth ovat kuin suurennettuja versioita valmistajan edullisemmasta Aeon-kuulokesarjasta. Kaikissa n\u00e4iss\u00e4 on siro ja laadukas alumiinisanka, D-kirjaimen muotoiset kuulokekupit ja kahdesta nitinol-tangosta taivutettu p\u00e4\u00e4pannan kaari. Hammasraudoissakin k\u00e4ytetty luja nitinol on siit\u00e4 mielenkiintoista metallia, ett\u00e4 se s\u00e4ilytt\u00e4\u00e4 ilman kuumentamista muotonsa, vaikka se v\u00e4\u00e4nnett\u00e4isiin t\u00e4ysin mutkalle. Heppoisesta ulkon\u00e4\u00f6st\u00e4\u00e4n huolimatta se sopiikin kuulokkeisiin hyvin.<\/p>\n\n\n<div class=\"wp-block-image\">\n<figure data-wp-context=\"{&quot;imageId&quot;:&quot;69f0a5c321f03&quot;}\" data-wp-interactive=\"core\/image\" data-wp-key=\"69f0a5c321f03\" class=\"aligncenter size-full wp-lightbox-container\"><img loading=\"lazy\" decoding=\"async\" width=\"1827\" height=\"2560\" data-wp-class--hide=\"state.isContentHidden\" data-wp-class--show=\"state.isContentVisible\" data-wp-init=\"callbacks.setButtonStyles\" data-wp-on--click=\"actions.showLightbox\" data-wp-on--load=\"callbacks.setButtonStyles\" data-wp-on-window--resize=\"callbacks.setButtonStyles\" src=\"http:\/\/kuulokenurkka.com\/wp-content\/uploads\/2024\/05\/Sivukuvat2-scaled.jpg\" alt=\"\" class=\"wp-image-23654\"\/><button\n\t\t\tclass=\"lightbox-trigger\"\n\t\t\ttype=\"button\"\n\t\t\taria-haspopup=\"dialog\"\n\t\t\taria-label=\"Enlarge\"\n\t\t\tdata-wp-init=\"callbacks.initTriggerButton\"\n\t\t\tdata-wp-on--click=\"actions.showLightbox\"\n\t\t\tdata-wp-style--right=\"state.imageButtonRight\"\n\t\t\tdata-wp-style--top=\"state.imageButtonTop\"\n\t\t>\n\t\t\t<svg xmlns=\"http:\/\/www.w3.org\/2000\/svg\" width=\"12\" height=\"12\" fill=\"none\" viewbox=\"0 0 12 12\">\n\t\t\t\t<path fill=\"#fff\" d=\"M2 0a2 2 0 0 0-2 2v2h1.5V2a.5.5 0 0 1 .5-.5h2V0H2Zm2 10.5H2a.5.5 0 0 1-.5-.5V8H0v2a2 2 0 0 0 2 2h2v-1.5ZM8 12v-1.5h2a.5.5 0 0 0 .5-.5V8H12v2a2 2 0 0 1-2 2H8Zm2-12a2 2 0 0 1 2 2v2h-1.5V2a.5.5 0 0 0-.5-.5H8V0h2Z\" \/>\n\t\t\t<\/svg>\n\t\t<\/button><figcaption class=\"wp-element-caption\"><strong><em>Kuulokkeilla on oma v\u00e4riteemansa ja visuaalinen ilmeens\u00e4, mutta sama sankarakenne ja D-kirjaimen muotoiset kupit paljastavat ne toistensa sukulaisiksi.<\/em><\/strong><\/figcaption><\/figure>\n<\/div>\n\n\n<p>Aeon 2 -mallien tapaan E3:n ja Stealth:in p\u00e4\u00e4panta voidaan painaa kasaan kuppien ymp\u00e4rille, koska sankaan on lis\u00e4tty t\u00e4t\u00e4 varten kaksi saranaa. Valmistaja kehottaa painamaan aina pannan keskiosasta, jottei saranoihin kohdistu ep\u00e4tasaista rasitusta. Kruunuradiolta lainassa olevaa Stealth-demomallia on selv\u00e4sti paineltu kasaan hieman ronskimmalla otteella, koska sen sanka ei en\u00e4\u00e4 pid\u00e4 t\u00e4ysin asentoaan, vaan l\u00f6rps\u00e4ht\u00e4\u00e4 helposti puolelta toiselle. K\u00e4ytt\u00f6\u00f6n asia ei onneksi vaikuta, mutta omia kuulokkeita kannattanee k\u00e4sitell\u00e4 valmistajan ohjeistuksen mukaisesti.<\/p>\n\n\n<div class=\"wp-block-image\">\n<figure data-wp-context=\"{&quot;imageId&quot;:&quot;69f0a5c32222c&quot;}\" data-wp-interactive=\"core\/image\" data-wp-key=\"69f0a5c32222c\" class=\"aligncenter size-full wp-lightbox-container\"><img loading=\"lazy\" decoding=\"async\" width=\"1986\" height=\"1476\" data-wp-class--hide=\"state.isContentHidden\" data-wp-class--show=\"state.isContentVisible\" data-wp-init=\"callbacks.setButtonStyles\" data-wp-on--click=\"actions.showLightbox\" data-wp-on--load=\"callbacks.setButtonStyles\" data-wp-on-window--resize=\"callbacks.setButtonStyles\" src=\"https:\/\/kuulokenurkka.com\/wp-content\/uploads\/2024\/05\/Sarana.jpg\" alt=\"\" class=\"wp-image-23650\"\/><button\n\t\t\tclass=\"lightbox-trigger\"\n\t\t\ttype=\"button\"\n\t\t\taria-haspopup=\"dialog\"\n\t\t\taria-label=\"Enlarge\"\n\t\t\tdata-wp-init=\"callbacks.initTriggerButton\"\n\t\t\tdata-wp-on--click=\"actions.showLightbox\"\n\t\t\tdata-wp-style--right=\"state.imageButtonRight\"\n\t\t\tdata-wp-style--top=\"state.imageButtonTop\"\n\t\t>\n\t\t\t<svg xmlns=\"http:\/\/www.w3.org\/2000\/svg\" width=\"12\" height=\"12\" fill=\"none\" viewbox=\"0 0 12 12\">\n\t\t\t\t<path fill=\"#fff\" d=\"M2 0a2 2 0 0 0-2 2v2h1.5V2a.5.5 0 0 1 .5-.5h2V0H2Zm2 10.5H2a.5.5 0 0 1-.5-.5V8H0v2a2 2 0 0 0 2 2h2v-1.5ZM8 12v-1.5h2a.5.5 0 0 0 .5-.5V8H12v2a2 2 0 0 1-2 2H8Zm2-12a2 2 0 0 1 2 2v2h-1.5V2a.5.5 0 0 0-.5-.5H8V0h2Z\" \/>\n\t\t\t<\/svg>\n\t\t<\/button><figcaption class=\"wp-element-caption\"><strong><em>Sangan innovatiivinen rakenne mahdollistaa sen taittamisen osittain kasaan.<\/em><\/strong><\/figcaption><\/figure>\n<\/div>\n\n\n<p>Koska sankarakenne ja itsest\u00e4\u00e4n s\u00e4\u00e4tyv\u00e4 p\u00e4\u00e4panta ovat E3:ssa ja Stealth:issa samanlaiset, kaksikko eroaa lopulta toisistaan eniten kuppien ulkon\u00e4\u00f6lt\u00e4\u00e4n ja v\u00e4riteemaltaan. Hintavamman Stealth-mallin kupeissa on k\u00e4ytetty muotoiltua hiilikuitua, jota reunustaa alumiininen kehys. Ulkon\u00e4\u00f6ss\u00e4 on vivahteita h\u00e4vitt\u00e4j\u00e4lentokoneista ja urheiluautoista. Toisaalta punainen tikkaus pannan sis\u00e4reunassa n\u00e4ytt\u00e4\u00e4 mielest\u00e4ni hieman mauttomalta, koska se muistuttaa halpoja pelikuulokkeita. Hirose-kuulokeliittimet Stealth-mallissa on upotettu kuppien sis\u00e4\u00e4n, joten kaapelia kiinnitt\u00e4ess\u00e4 t\u00e4ytyy varoa alumiinipinnan naarmuttamista toisin kuin E3:n esiin j\u00e4tettyjen liittimien kanssa. Molemmissa malleissa liittimet osoittavat hieman etuviistoon, joten kaapeli ei p\u00e4\u00e4se t\u00f6kkim\u00e4\u00e4n hartioita, vaan asettuu siististi rintakeh\u00e4lle.<\/p>\n\n\n<div class=\"wp-block-image\">\n<figure data-wp-context=\"{&quot;imageId&quot;:&quot;69f0a5c322578&quot;}\" data-wp-interactive=\"core\/image\" data-wp-key=\"69f0a5c322578\" class=\"aligncenter size-full wp-lightbox-container\"><img loading=\"lazy\" decoding=\"async\" width=\"2040\" height=\"1378\" data-wp-class--hide=\"state.isContentHidden\" data-wp-class--show=\"state.isContentVisible\" data-wp-init=\"callbacks.setButtonStyles\" data-wp-on--click=\"actions.showLightbox\" data-wp-on--load=\"callbacks.setButtonStyles\" data-wp-on-window--resize=\"callbacks.setButtonStyles\" src=\"https:\/\/kuulokenurkka.com\/wp-content\/uploads\/2024\/05\/Kupit.jpg\" alt=\"\" class=\"wp-image-23657\"\/><button\n\t\t\tclass=\"lightbox-trigger\"\n\t\t\ttype=\"button\"\n\t\t\taria-haspopup=\"dialog\"\n\t\t\taria-label=\"Enlarge\"\n\t\t\tdata-wp-init=\"callbacks.initTriggerButton\"\n\t\t\tdata-wp-on--click=\"actions.showLightbox\"\n\t\t\tdata-wp-style--right=\"state.imageButtonRight\"\n\t\t\tdata-wp-style--top=\"state.imageButtonTop\"\n\t\t>\n\t\t\t<svg xmlns=\"http:\/\/www.w3.org\/2000\/svg\" width=\"12\" height=\"12\" fill=\"none\" viewbox=\"0 0 12 12\">\n\t\t\t\t<path fill=\"#fff\" d=\"M2 0a2 2 0 0 0-2 2v2h1.5V2a.5.5 0 0 1 .5-.5h2V0H2Zm2 10.5H2a.5.5 0 0 1-.5-.5V8H0v2a2 2 0 0 0 2 2h2v-1.5ZM8 12v-1.5h2a.5.5 0 0 0 .5-.5V8H12v2a2 2 0 0 1-2 2H8Zm2-12a2 2 0 0 1 2 2v2h-1.5V2a.5.5 0 0 0-.5-.5H8V0h2Z\" \/>\n\t\t\t<\/svg>\n\t\t<\/button><figcaption class=\"wp-element-caption\"><strong><em>E3:n kupit ovat suunnittelultaan selv\u00e4sti yksinkertaisemmat, koska Stealth:ista l\u00f6ytyy alumiinikehikon sis\u00e4lt\u00e4 hiilikuitua ja viel\u00e4p\u00e4 tyylikk\u00e4\u00e4sti muotoiltuna.<\/em><\/strong><\/figcaption><\/figure>\n<\/div>\n\n\n<p>E3:n kohdalla kuppien muotoilua on yksinkertaistettu ja ne on tehty kokonaan alumiinista. Mielenkiintoisena tyyliseikkana ulkoreunaa p\u00e4\u00e4llyst\u00e4\u00e4 kuitenkin matkapuhelimista tuttu Gorilla Glass, jonka alle on printattu avoimien kuulokemallien riti\u00f6it\u00e4 muistuttava hunajakennokuvio. Dan Clark Audio mainitsee halunneensa luoda tarkoituksella mielikuvan avoimesta kuulokemallista, koska E3 kuulostaa sen mukaan suljetuksi malliksi poikkeuksellisen avoimelta.<\/p>\n\n\n\n<p>Kuvioinnin tylsin mahdollinen harmaan s\u00e4vy ja sormenj\u00e4lkien jatkuva pyyhkimistarve saattavat jakaa hieman mielipiteit\u00e4, mutta lasipinta on kuitenkin uniikki ratkaisu. Sen tulisi my\u00f6s kest\u00e4\u00e4 varsin hyvin naarmuja ja pienempi\u00e4 iskuja, joten onkin mielenkiintoista n\u00e4hd\u00e4, innostuvatko muutkin kuulokevalmistajat aikanaan ideasta. Ainoa hamillinen sivuvaikutus lasin k\u00e4ytt\u00e4misest\u00e4 E3:ssa on noin 40 grammaa korkeampi kokonaispaino (455 g vs. 415 g) hiilikuitua sis\u00e4lt\u00e4v\u00e4\u00e4n Stealth-malliin verrattuna.<\/p>\n\n\n<div class=\"wp-block-image\">\n<figure data-wp-context=\"{&quot;imageId&quot;:&quot;69f0a5c3228d0&quot;}\" data-wp-interactive=\"core\/image\" data-wp-key=\"69f0a5c3228d0\" class=\"aligncenter size-full wp-lightbox-container\"><img loading=\"lazy\" decoding=\"async\" width=\"2002\" height=\"1441\" data-wp-class--hide=\"state.isContentHidden\" data-wp-class--show=\"state.isContentVisible\" data-wp-init=\"callbacks.setButtonStyles\" data-wp-on--click=\"actions.showLightbox\" data-wp-on--load=\"callbacks.setButtonStyles\" data-wp-on-window--resize=\"callbacks.setButtonStyles\" src=\"https:\/\/kuulokenurkka.com\/wp-content\/uploads\/2024\/05\/Gorillalasi.jpg\" alt=\"\" class=\"wp-image-23659\"\/><button\n\t\t\tclass=\"lightbox-trigger\"\n\t\t\ttype=\"button\"\n\t\t\taria-haspopup=\"dialog\"\n\t\t\taria-label=\"Enlarge\"\n\t\t\tdata-wp-init=\"callbacks.initTriggerButton\"\n\t\t\tdata-wp-on--click=\"actions.showLightbox\"\n\t\t\tdata-wp-style--right=\"state.imageButtonRight\"\n\t\t\tdata-wp-style--top=\"state.imageButtonTop\"\n\t\t>\n\t\t\t<svg xmlns=\"http:\/\/www.w3.org\/2000\/svg\" width=\"12\" height=\"12\" fill=\"none\" viewbox=\"0 0 12 12\">\n\t\t\t\t<path fill=\"#fff\" d=\"M2 0a2 2 0 0 0-2 2v2h1.5V2a.5.5 0 0 1 .5-.5h2V0H2Zm2 10.5H2a.5.5 0 0 1-.5-.5V8H0v2a2 2 0 0 0 2 2h2v-1.5ZM8 12v-1.5h2a.5.5 0 0 0 .5-.5V8H12v2a2 2 0 0 1-2 2H8Zm2-12a2 2 0 0 1 2 2v2h-1.5V2a.5.5 0 0 0-.5-.5H8V0h2Z\" \/>\n\t\t\t<\/svg>\n\t\t<\/button><figcaption class=\"wp-element-caption\"><strong><em>E3:n alumiinikupeissa on Gorilla Glass pinta, jonka alle valmistaja on lis\u00e4nnyt harmaan hunajakennokuvion ja sinisen mallinimen. Kupin keskell\u00e4 on lis\u00e4ksi per\u00e4ti kaksi bassoporttia.<\/em><\/strong><\/figcaption><\/figure>\n<\/div>\n\n\n<p>E3:n lasipintaan tehdyt kaksi reik\u00e4\u00e4 toimivat bassoportteina. My\u00f6s Stealth:ista l\u00f6ytyy yksi t\u00e4llainen kuppien yl\u00e4reunaan sijoitettuna. Koska planaarielementit tuottavat \u00e4\u00e4nt\u00e4 voimakkaasti my\u00f6s elementtien takapuolelle, molemmista kuulokkeista vuotaa reikien kautta \u00e4\u00e4nt\u00e4 ulosp\u00e4in siin\u00e4 m\u00e4\u00e4rin, ett\u00e4 muutaman metrin s\u00e4teell\u00e4 oleskeleva pystyisi saamaan suhteellisen helposti selv\u00e4\u00e4 laulusta ja diskantista. T\u00e4m\u00e4 kannattaa huomioida, jos tavoitteena on l\u00f6yt\u00e4\u00e4 suljetut kuulokkeet, joiden kuuntelu ei h\u00e4iritse laisinkaan muita ihmisi\u00e4. Sis\u00e4\u00e4np\u00e4in tulevaa ymp\u00e4rist\u00f6melua molemmat kuulokkeet vaimentavat sen sijaan mielest\u00e4ni varsin tehokkaasti.<\/p>\n\n\n<div class=\"wp-block-image\">\n<figure data-wp-context=\"{&quot;imageId&quot;:&quot;69f0a5c322c00&quot;}\" data-wp-interactive=\"core\/image\" data-wp-key=\"69f0a5c322c00\" class=\"aligncenter size-full wp-lightbox-container\"><img loading=\"lazy\" decoding=\"async\" width=\"2040\" height=\"1196\" data-wp-class--hide=\"state.isContentHidden\" data-wp-class--show=\"state.isContentVisible\" data-wp-init=\"callbacks.setButtonStyles\" data-wp-on--click=\"actions.showLightbox\" data-wp-on--load=\"callbacks.setButtonStyles\" data-wp-on-window--resize=\"callbacks.setButtonStyles\" src=\"https:\/\/kuulokenurkka.com\/wp-content\/uploads\/2024\/05\/Mallimerkinnat.jpg\" alt=\"\" class=\"wp-image-23649\"\/><button\n\t\t\tclass=\"lightbox-trigger\"\n\t\t\ttype=\"button\"\n\t\t\taria-haspopup=\"dialog\"\n\t\t\taria-label=\"Enlarge\"\n\t\t\tdata-wp-init=\"callbacks.initTriggerButton\"\n\t\t\tdata-wp-on--click=\"actions.showLightbox\"\n\t\t\tdata-wp-style--right=\"state.imageButtonRight\"\n\t\t\tdata-wp-style--top=\"state.imageButtonTop\"\n\t\t>\n\t\t\t<svg xmlns=\"http:\/\/www.w3.org\/2000\/svg\" width=\"12\" height=\"12\" fill=\"none\" viewbox=\"0 0 12 12\">\n\t\t\t\t<path fill=\"#fff\" d=\"M2 0a2 2 0 0 0-2 2v2h1.5V2a.5.5 0 0 1 .5-.5h2V0H2Zm2 10.5H2a.5.5 0 0 1-.5-.5V8H0v2a2 2 0 0 0 2 2h2v-1.5ZM8 12v-1.5h2a.5.5 0 0 0 .5-.5V8H12v2a2 2 0 0 1-2 2H8Zm2-12a2 2 0 0 1 2 2v2h-1.5V2a.5.5 0 0 0-.5-.5H8V0h2Z\" \/>\n\t\t\t<\/svg>\n\t\t<\/button><figcaption class=\"wp-element-caption\"><strong><em>Mallinimet l\u00f6ytyv\u00e4t kirjailtuna p\u00e4\u00e4pehmusteen yl\u00e4reunasta. Nekin noudattavat valittua v\u00e4riteemaa, joten ilme on yhten\u00e4inen.<\/em><\/strong><\/figcaption><\/figure>\n<\/div>\n\n\n<h2 class=\"wp-block-heading\" id=\"istuvuus-ja-kayttomukavuus\"><span style=\"text-decoration: underline;\">Istuvuus ja k\u00e4ytt\u00f6mukavuus<\/span><\/h2>\n\n\n\n<p>E3 ja Stealth eroavat vastaavasta rakenteestaan huolimatta jonkin verran k\u00e4ytt\u00f6mukavuudeltaan. Yhteist\u00e4 kuulokkeille on itsest\u00e4\u00e4n s\u00e4\u00e4tyv\u00e4 p\u00e4\u00e4panta, jollainen l\u00f6ytyy my\u00f6s esimerkiksi <a href=\"http:\/\/kuulokenurkka.com\/en\/arvostelu-meze-audio-109-pro\/\" target=\"_blank\" rel=\"noreferrer noopener\">Meze Audio 109 Pro<\/a> -kuulokkeista. Dan Clark Audion kuulokkeissa panta on tehty melko kovasta materiaalista luultavasti siksi, ett\u00e4 se kest\u00e4isi lujaa venytyst\u00e4 kuppien ymp\u00e4rille painettuna. K\u00e4ytt\u00f6mukavuuden n\u00e4k\u00f6kulmasta toivoisin pannan olevan hieman pehme\u00e4mpi, mutten sit\u00e4 erityisen ep\u00e4mukavaksikaan lopulta sanoisi. Kuulokkeet eiv\u00e4t onneksi paina suuresta koostaan ja planaarielementeist\u00e4\u00e4n huolimatta liikaa pidemp\u00e4\u00e4k\u00e4\u00e4n k\u00e4ytt\u00f6\u00e4 ajatellen.<\/p>\n\n\n<div class=\"wp-block-image\">\n<figure data-wp-context=\"{&quot;imageId&quot;:&quot;69f0a5c322f70&quot;}\" data-wp-interactive=\"core\/image\" data-wp-key=\"69f0a5c322f70\" class=\"aligncenter size-full wp-lightbox-container\"><img loading=\"lazy\" decoding=\"async\" width=\"2146\" height=\"1561\" data-wp-class--hide=\"state.isContentHidden\" data-wp-class--show=\"state.isContentVisible\" data-wp-init=\"callbacks.setButtonStyles\" data-wp-on--click=\"actions.showLightbox\" data-wp-on--load=\"callbacks.setButtonStyles\" data-wp-on-window--resize=\"callbacks.setButtonStyles\" src=\"https:\/\/kuulokenurkka.com\/wp-content\/uploads\/2024\/05\/Tikkaukset.jpg\" alt=\"\" class=\"wp-image-23651\"\/><button\n\t\t\tclass=\"lightbox-trigger\"\n\t\t\ttype=\"button\"\n\t\t\taria-haspopup=\"dialog\"\n\t\t\taria-label=\"Enlarge\"\n\t\t\tdata-wp-init=\"callbacks.initTriggerButton\"\n\t\t\tdata-wp-on--click=\"actions.showLightbox\"\n\t\t\tdata-wp-style--right=\"state.imageButtonRight\"\n\t\t\tdata-wp-style--top=\"state.imageButtonTop\"\n\t\t>\n\t\t\t<svg xmlns=\"http:\/\/www.w3.org\/2000\/svg\" width=\"12\" height=\"12\" fill=\"none\" viewbox=\"0 0 12 12\">\n\t\t\t\t<path fill=\"#fff\" d=\"M2 0a2 2 0 0 0-2 2v2h1.5V2a.5.5 0 0 1 .5-.5h2V0H2Zm2 10.5H2a.5.5 0 0 1-.5-.5V8H0v2a2 2 0 0 0 2 2h2v-1.5ZM8 12v-1.5h2a.5.5 0 0 0 .5-.5V8H12v2a2 2 0 0 1-2 2H8Zm2-12a2 2 0 0 1 2 2v2h-1.5V2a.5.5 0 0 0-.5-.5H8V0h2Z\" \/>\n\t\t\t<\/svg>\n\t\t<\/button><figcaption class=\"wp-element-caption\"><strong><em>P\u00e4\u00e4panta on tehty molemmissa kuulokkeissa kovasta materiaalista painottaen kest\u00e4vyytt\u00e4.<\/em><\/strong><\/figcaption><\/figure>\n<\/div>\n\n\n<p>Yleisess\u00e4 istuvuudessa kuulokkeilla on omat hyv\u00e4t ja huonot puolensa. Stealth:in sanka puristaa kevyemmin, mik\u00e4 yhdistettyn\u00e4 niin ik\u00e4\u00e4n 40 grammaa kevyemp\u00e4\u00e4n painoon tekee kuulokkeista mukavammat lujempaa puristavaan ja hieman painavampaan E3:een verrattuna. Omaan p\u00e4\u00e4h\u00e4ni Stealth ei kuitenkaan asetu riitt\u00e4v\u00e4n tukevasti, vaan pehmusteiden sulkevuus rikkoutuu herk\u00e4sti korvieni etuyl\u00e4kulmassa eli suurin piirtein siin\u00e4 kohtaa, johon silm\u00e4lasien sangat asettuisivat. T\u00e4m\u00e4n vuoksi kuulokkeiden basso vuotaa osittain ulos, vaikken silm\u00e4laseja samaan aikaan k\u00e4ytt\u00e4isik\u00e4\u00e4n. Vaikka saankin tarkalla asettelulla kuulokkeet toimimaan melko oikein, pehmusteiden kevyt painaminen korville paljastaa basson j\u00e4\u00e4v\u00e4n edelleen hieman vajaaksi. My\u00f6s pienikin suun avaaminen tai puhuminen kuuntelun aikana tuhoaa bassontoiston l\u00e4hes kokonaan. Havaitsemani istuvuuteen liittyv\u00e4t ongelmat selitt\u00e4v\u00e4t my\u00f6s sen, miksi olen pit\u00e4nyt Stealth-mallia omituisen kevyen kuuloisena sit\u00e4 nopeasti messuymp\u00e4rist\u00f6ss\u00e4 kokeillessa.<\/p>\n\n\n\n<p>Vaikka erilaisella p\u00e4\u00e4nmuodolla Stealth toimineekin monilla itse\u00e4ni paremmin, pid\u00e4n positiivisena ratkaisuna valmistajan p\u00e4\u00e4t\u00f6st\u00e4 lis\u00e4t\u00e4 puristusvoimaa E3:n sankaan. Edullisemman mallin istuvuutta kuvailisin sopivan tukevaksi ja tasaiseksi, eik\u00e4 minun tarvitse murehtia pehmusteiden sulkevuutta edes silm\u00e4laseja k\u00e4ytt\u00e4ess\u00e4. Toisaalta pehmusteet ovat niin suuret ja korkeat, ett\u00e4 joudun aina hetken aikaa hakemaan niille luontevaa asentoa p\u00e4\u00e4ss\u00e4. Tiettyyn korkeuteen lukittava p\u00e4\u00e4panta olisikin nopeuttanut k\u00e4ytt\u00f6\u00f6nottoa, koska t\u00e4ll\u00f6in sopivaa korkeutta ei tarvitsisi etsi\u00e4 jokaisella k\u00e4ytt\u00f6kerralla uudestaan. Pienen\u00e4 miinuksena E3:n lujempaa puristavat pehmusteet alkavat my\u00f6s tuntua parin tunnin k\u00e4yt\u00f6n j\u00e4lkeen hieman ep\u00e4mukavilta leukaperiss\u00e4, jonne ne ulottuvat sen vuoksi, ett\u00e4 \u00e4\u00e4ni on tasapainoisinta kuulokkeet alas p\u00e4\u00e4ss\u00e4 sijoittaessa. Ajoittaisella uudelleenasettelulla t\u00e4m\u00e4kin kuitenkin ratkeaa, joten pystyn k\u00e4ytt\u00e4m\u00e4\u00e4n kuulokkeita tyytyv\u00e4isen\u00e4 useita tunteja.<\/p>\n\n\n\n<p>Japanilaista proteiininahkaa ja mokkamateriaalia yhdistelev\u00e4t korvapehmusteet ovat hieman laadukkaammat kuin valmistajan edullisemmissa kuulokkeissa on mennein\u00e4 vuosina totuttu n\u00e4kem\u00e4\u00e4n. Etenkin Aeon-sarjassa vaahto py\u00f6r\u00e4hti aina rumasti sivuttain pehmusteen sis\u00e4ll\u00e4, joten sit\u00e4 t\u00e4ytyi nyppi\u00e4 takaisin muotoonsa l\u00e4hes jokaisen k\u00e4ytt\u00f6kerran j\u00e4lkeen. T\u00e4t\u00e4 ei kuitenkaan en\u00e4\u00e4 tapahdu E3:ssa tai Stealth:issa, vaan niiden pehmusteet s\u00e4ilytt\u00e4v\u00e4t hyvin muotonsa. Dan Clark Audio kertookin panostavansa nyky\u00e4\u00e4n tavallista enemm\u00e4n pehmusteiden tasalaatuisuuteen, jotta kuulokkeiden taajuusvaste pysyy tiukkojen toleranssien sis\u00e4ll\u00e4. T\u00e4m\u00e4n vuoksi ulkoreunan materiaaliksi on valittu kananmunan kuorista valmistettu proteiininahka, joka on koostumukseltaan tasaisempaa aitoon nahkaan verrattuna. Proteiininahkaa ei kannata sekoittaa muovista tehtyyn keinonahkaan (Pleather), joka ei tunnu yht\u00e4 aidolta, eik\u00e4 kest\u00e4 yht\u00e4 hyvin kulutusta.<\/p>\n\n\n<div class=\"wp-block-image\">\n<figure data-wp-context=\"{&quot;imageId&quot;:&quot;69f0a5c3232e2&quot;}\" data-wp-interactive=\"core\/image\" data-wp-key=\"69f0a5c3232e2\" class=\"aligncenter size-full wp-lightbox-container\"><img loading=\"lazy\" decoding=\"async\" width=\"2040\" height=\"1479\" data-wp-class--hide=\"state.isContentHidden\" data-wp-class--show=\"state.isContentVisible\" data-wp-init=\"callbacks.setButtonStyles\" data-wp-on--click=\"actions.showLightbox\" data-wp-on--load=\"callbacks.setButtonStyles\" data-wp-on-window--resize=\"callbacks.setButtonStyles\" src=\"https:\/\/kuulokenurkka.com\/wp-content\/uploads\/2024\/05\/Pehmusteet.jpg\" alt=\"\" class=\"wp-image-23648\"\/><button\n\t\t\tclass=\"lightbox-trigger\"\n\t\t\ttype=\"button\"\n\t\t\taria-haspopup=\"dialog\"\n\t\t\taria-label=\"Enlarge\"\n\t\t\tdata-wp-init=\"callbacks.initTriggerButton\"\n\t\t\tdata-wp-on--click=\"actions.showLightbox\"\n\t\t\tdata-wp-style--right=\"state.imageButtonRight\"\n\t\t\tdata-wp-style--top=\"state.imageButtonTop\"\n\t\t>\n\t\t\t<svg xmlns=\"http:\/\/www.w3.org\/2000\/svg\" width=\"12\" height=\"12\" fill=\"none\" viewbox=\"0 0 12 12\">\n\t\t\t\t<path fill=\"#fff\" d=\"M2 0a2 2 0 0 0-2 2v2h1.5V2a.5.5 0 0 1 .5-.5h2V0H2Zm2 10.5H2a.5.5 0 0 1-.5-.5V8H0v2a2 2 0 0 0 2 2h2v-1.5ZM8 12v-1.5h2a.5.5 0 0 0 .5-.5V8H12v2a2 2 0 0 1-2 2H8Zm2-12a2 2 0 0 1 2 2v2h-1.5V2a.5.5 0 0 0-.5-.5H8V0h2Z\" \/>\n\t\t\t<\/svg>\n\t\t<\/button><figcaption class=\"wp-element-caption\"><strong><em>Molemmissa kuulokkeissa on erilaista sis\u00e4reunaa lukuun ottamatta vastaavat suuret ja mukavat korvapehmusteet. Pohjalla n\u00e4kyy hunajakennomainen AMTS-rakenne, josta lis\u00e4\u00e4 seuraavassa osiossa.<\/em><\/strong><\/figcaption><\/figure>\n<\/div>\n\n\n<p>K\u00e4ytt\u00f6mukavuuden n\u00e4k\u00f6kulmasta pehmusteet ovat toimivat, sill\u00e4 ne tuntuvat miellytt\u00e4vilt\u00e4 ja tarjoavat runsaasti tilaa korville. Joitakin saattaa sen sijaan h\u00e4irit\u00e4 tieto siit\u00e4, ett\u00e4 valmistajan huippumalleissa pehmusteet kiinnitet\u00e4\u00e4n edelleen liimalla. Itse\u00e4ni t\u00e4m\u00e4 ei suuremmin h\u00e4iritse, koska valitut pehmusteet ja elementtien innovatiivinen etuvaimennusrakenne muodostavat kiinte\u00e4n \u00e4\u00e4nenlaadullisen kokonaisuuden. Tarvittaessa pehmusteet olisi edelleen mahdollista repi\u00e4 irti ja vaihtaa uusiin ilman suurempia ongelmia. Valmistaja my\u00f6s kertoo, ett\u00e4 liimapinta mahdollistaisi muutaman irrotuksen ja uudelleenkiinnityksen, jos sille jostakin syyst\u00e4 tulisi tarvetta.<\/p>\n\n\n\n<h2 class=\"wp-block-heading\" id=\"v-planar-elementit-ja-amts-etuvaimennus\"><span style=\"text-decoration: underline;\">V-Planar-elementit ja AMTS-etuvaimennus<\/span><\/h2>\n\n\n\n<p>Dan Clark Audio valmistaa itse V-Planar-nimell\u00e4 patentoidut elementtins\u00e4, joiden omalaatuisin piirre on kalvon v-kirjaimia muistuttava rivitt\u00e4inen rypytys. Tavallisesti planaarielementin keskikohta liikkuu voimakkaammin reunoilla sijaitseviin kiinnityskohtiin verrattuna, kun taas V-Planar-elementeill\u00e4 reunojen liikerataa on Dan Clark Audion mukaan saatu kasvatettua. N\u00e4in s\u00e4r\u00f6arvojen tulisi olla matalammat, mink\u00e4 lis\u00e4ksi valmistaja pystyy my\u00f6s k\u00e4ytt\u00e4m\u00e4\u00e4n kuulokkeissaan pienempi\u00e4 elementtej\u00e4 tavanomaisempiin kalvovaihtoehtoihin n\u00e4hden. Tiett\u00e4v\u00e4sti samalla taajuusvasteestakin tulee paikallisen vaihtelun osalta hieman tasaisempi verrattuna moniin muihin planaarikuulokkeisiin, joiden mittaustuloksissa n\u00e4kyy paljon paikallista &#8221;v\u00e4rin\u00e4\u00e4&#8221;.<\/p>\n\n\n\n<p>Markkinointipuheisiin ja suoriin \u00e4\u00e4nenlaadullisiin hy\u00f6tyihin kannattaa aina suhtautua pienell\u00e4 varauksella, mutta ainakin V-planar-elementteihin liittyv\u00e4 tekninen tausta vaikuttaa kiinnostavalta. Dan Clark Audio vaikuttaa ylip\u00e4\u00e4t\u00e4\u00e4n insin\u00f6\u00f6rivetoiselta yritykselt\u00e4 sen sijaan, ett\u00e4 markkinointitiimi p\u00e4\u00e4sisi ottamaan ohjat lennokkailla mainoslauseillaan. Testaamastani kuulokekaksikko on siit\u00e4 mielenkiintoinen, ett\u00e4 hintavammassa Stealth-mallissa k\u00e4ytet\u00e4\u00e4n 4th generation -elementtej\u00e4, kun taas edullisemmassa E3:ssa on uudemmat, mahdollisesti hieman kehittyneemm\u00e4t, 5th generation -elementit. T\u00e4ten valmistaja on aidosti panostanut E3:n suunnitteluun sen sijaan, ett\u00e4 se olisi vain &#8221;huononnettu&#8221; versio lippulaivatuotteesta.<\/p>\n\n\n\n<p class=\"has-text-align-center\">Valmistaja havainnollistaa erilaisten elementtien liikeratoja seuraavasti:<\/p>\n\n\n<div class=\"wp-block-image\">\n<figure class=\"aligncenter size-full is-resized\"><img loading=\"lazy\" decoding=\"async\" width=\"320\" height=\"99\" src=\"http:\/\/kuulokenurkka.com\/wp-content\/uploads\/2024\/05\/standard-animation320.gif\" alt=\"\" class=\"wp-image-23466\" style=\"object-fit:contain;width:400px;height:120px\"\/><\/figure>\n<\/div>\n\n<div class=\"wp-block-image\">\n<figure class=\"aligncenter size-full is-resized\"><img loading=\"lazy\" decoding=\"async\" width=\"320\" height=\"99\" src=\"http:\/\/kuulokenurkka.com\/wp-content\/uploads\/2024\/05\/V-Planar-Animation320.gif\" alt=\"\" class=\"wp-image-23465\" style=\"object-fit:contain;width:400px;height:120px\"\/><\/figure>\n<\/div>\n\n\n<p>Toistaiseksi uniikein ratkaisu Dan Clark Audion kuulokkeissa on kuitenkin elementtien etupuolelle asennettu hunajakennomainen AMTS-rakenne (Acoustic Metamaterial Tuning System), jolla on useita teht\u00e4vi\u00e4. Se toimii niin aallonohjaimena, hajas\u00e4teilyn kontrolloijana kuin resonanssien vaimentajanakin. Lis\u00e4ksi se eliminoi korvapehmusteiden sis\u00e4\u00e4n syntyvi\u00e4 seisovia aaltoja. Toisin sanoen AMTS-systeemin sis\u00e4lt\u00e4vien kuulokkeiden, kuten Stealth:in ja E3:n, on tarkoitus kuulostaa suljetusta rakenteesta huolimatta mahdollisimman puhtaalta, mik\u00e4 olisi hyv\u00e4 tavoite mille tahansa muillekin kuulokkeille. Kukaan muu ei kuitenkaan t\u00e4h\u00e4n menness\u00e4 ole l\u00e4htenyt kehitt\u00e4m\u00e4\u00e4n tietokoneavusteisesti yht\u00e4 hienostunutta ratkaisua \u00e4\u00e4nen &#8221;puhdistamiseen&#8221; ja elementin etuvaimentamiseen.<\/p>\n\n\n<div class=\"wp-block-image\">\n<figure class=\"aligncenter size-full\"><img loading=\"lazy\" decoding=\"async\" width=\"600\" height=\"353\" src=\"http:\/\/kuulokenurkka.com\/wp-content\/uploads\/2024\/05\/amts.png\" alt=\"\" class=\"wp-image-23471\"\/><figcaption class=\"wp-element-caption\"><strong><em>Kuva Stealth-mallin elementtien etupuolelle asennetusta AMTS-rakenteesta, joka on n\u00e4ht\u00e4viss\u00e4 korvapehmusteen pohjakankaan l\u00e4pi.<\/em><\/strong><\/figcaption><\/figure>\n<\/div>\n\n\n<p>AMTS:st\u00e4 on ollut etua Dan Clark Audiolle my\u00f6s yl\u00e4taajuuksien m\u00e4\u00e4r\u00e4n hienos\u00e4\u00e4t\u00e4misess\u00e4, sill\u00e4 sen ei ole tarvinnut turvautua paksuihin vaahto- ja huopapaloihin, jotka pehment\u00e4isiv\u00e4t sek\u00e4 \u00e4\u00e4nen yksityiskohtaisuutta ett\u00e4 dynamiikkaa. Aeon-sarjassa kokemistani ongelmista onkin pitk\u00e4lti p\u00e4\u00e4sty eroon ja samalla taajuusvasteesta on saatu aiempaa tasaisempi. Valmistaja hy\u00f6dynsi AMTS-rakennetta ensimm\u00e4isen kerran juuri Stealth-mallissaan, mink\u00e4 j\u00e4lkeen sellainen on suunniteltu E3:n ohella my\u00f6s Expanse- ja Corina-kuulokkeisiin. Jollakin aikataululla ratkaisu tullaan varmasti n\u00e4kem\u00e4\u00e4n my\u00f6s alle 1000 euron hintaluokassa.<\/p>\n\n\n<div class=\"wp-block-image\">\n<figure data-wp-context=\"{&quot;imageId&quot;:&quot;69f0a5c323a1b&quot;}\" data-wp-interactive=\"core\/image\" data-wp-key=\"69f0a5c323a1b\" class=\"aligncenter size-full wp-lightbox-container\"><img loading=\"lazy\" decoding=\"async\" width=\"1500\" height=\"1000\" data-wp-class--hide=\"state.isContentHidden\" data-wp-class--show=\"state.isContentVisible\" data-wp-init=\"callbacks.setButtonStyles\" data-wp-on--click=\"actions.showLightbox\" data-wp-on--load=\"callbacks.setButtonStyles\" data-wp-on-window--resize=\"callbacks.setButtonStyles\" src=\"https:\/\/kuulokenurkka.com\/wp-content\/uploads\/2024\/05\/headphones-22.jpg\" alt=\"\" class=\"wp-image-23473\"\/><button\n\t\t\tclass=\"lightbox-trigger\"\n\t\t\ttype=\"button\"\n\t\t\taria-haspopup=\"dialog\"\n\t\t\taria-label=\"Enlarge\"\n\t\t\tdata-wp-init=\"callbacks.initTriggerButton\"\n\t\t\tdata-wp-on--click=\"actions.showLightbox\"\n\t\t\tdata-wp-style--right=\"state.imageButtonRight\"\n\t\t\tdata-wp-style--top=\"state.imageButtonTop\"\n\t\t>\n\t\t\t<svg xmlns=\"http:\/\/www.w3.org\/2000\/svg\" width=\"12\" height=\"12\" fill=\"none\" viewbox=\"0 0 12 12\">\n\t\t\t\t<path fill=\"#fff\" d=\"M2 0a2 2 0 0 0-2 2v2h1.5V2a.5.5 0 0 1 .5-.5h2V0H2Zm2 10.5H2a.5.5 0 0 1-.5-.5V8H0v2a2 2 0 0 0 2 2h2v-1.5ZM8 12v-1.5h2a.5.5 0 0 0 .5-.5V8H12v2a2 2 0 0 1-2 2H8Zm2-12a2 2 0 0 1 2 2v2h-1.5V2a.5.5 0 0 0-.5-.5H8V0h2Z\" \/>\n\t\t\t<\/svg>\n\t\t<\/button><\/figure>\n<\/div>\n\n<div class=\"wp-block-image\">\n<figure data-wp-context=\"{&quot;imageId&quot;:&quot;69f0a5c323d7e&quot;}\" data-wp-interactive=\"core\/image\" data-wp-key=\"69f0a5c323d7e\" class=\"aligncenter size-full wp-lightbox-container\"><img loading=\"lazy\" decoding=\"async\" width=\"1553\" height=\"1000\" data-wp-class--hide=\"state.isContentHidden\" data-wp-class--show=\"state.isContentVisible\" data-wp-init=\"callbacks.setButtonStyles\" data-wp-on--click=\"actions.showLightbox\" data-wp-on--load=\"callbacks.setButtonStyles\" data-wp-on-window--resize=\"callbacks.setButtonStyles\" src=\"https:\/\/kuulokenurkka.com\/wp-content\/uploads\/2024\/05\/headphones-21.jpg\" alt=\"\" class=\"wp-image-23475\"\/><button\n\t\t\tclass=\"lightbox-trigger\"\n\t\t\ttype=\"button\"\n\t\t\taria-haspopup=\"dialog\"\n\t\t\taria-label=\"Enlarge\"\n\t\t\tdata-wp-init=\"callbacks.initTriggerButton\"\n\t\t\tdata-wp-on--click=\"actions.showLightbox\"\n\t\t\tdata-wp-style--right=\"state.imageButtonRight\"\n\t\t\tdata-wp-style--top=\"state.imageButtonTop\"\n\t\t>\n\t\t\t<svg xmlns=\"http:\/\/www.w3.org\/2000\/svg\" width=\"12\" height=\"12\" fill=\"none\" viewbox=\"0 0 12 12\">\n\t\t\t\t<path fill=\"#fff\" d=\"M2 0a2 2 0 0 0-2 2v2h1.5V2a.5.5 0 0 1 .5-.5h2V0H2Zm2 10.5H2a.5.5 0 0 1-.5-.5V8H0v2a2 2 0 0 0 2 2h2v-1.5ZM8 12v-1.5h2a.5.5 0 0 0 .5-.5V8H12v2a2 2 0 0 1-2 2H8Zm2-12a2 2 0 0 1 2 2v2h-1.5V2a.5.5 0 0 0-.5-.5H8V0h2Z\" \/>\n\t\t\t<\/svg>\n\t\t<\/button><figcaption class=\"wp-element-caption\"><strong><em>Pari kuvaa E3-kuulokkeiden AMTS-rakenteesta, joka eroaa selv\u00e4sti Stealth-mallista niin materiaaliltaan kuin suunnittelultaankin (L\u00e4hde: Techpowerup.com \/\/ VSG).<\/em><\/strong><\/figcaption><\/figure>\n<\/div>\n\n\n<h2 class=\"wp-block-heading\" id=\"aanenlaatu\"><span style=\"text-decoration: underline;\">Sound quality<\/span><\/h2>\n\n\n\n<p>Our frequency response measurements have been made with a clone IEC-60318-4 coupler and KB501X pinnae. The Harman target curve from 2018 is used as a reference point and generalization of the headphone response that would sound good to most people. For more information on the measurements and their accuracy, see <a href=\"http:\/\/kuulokenurkka.com\/en\/headphone-measurements\/\" target=\"_blank\" rel=\"noreferrer noopener\">Headphone Measurements<\/a>-sivulta. E3:n ja Stealth:in taajuusvasteet ovat my\u00f6s vertailtavissa muiden mitattujen kuulokkeiden kanssa <a href=\"https:\/\/kuulokenurkka.squig.link\/?share=Harman_2018_Target,E3_**,Stealth_**\" target=\"_blank\" rel=\"noreferrer noopener\">Squiglink<\/a> avulla.<\/p>\n\n\n\n<p>Kuulokkeita on arvioitu kuuntelemalla niit\u00e4 p\u00e4\u00e4asiassa seuraavilla laitteilla:<\/p>\n\n\n\n<ul class=\"wp-block-list\">\n<li>DAC: <a href=\"http:\/\/kuulokenurkka.com\/en\/arvostelu-matrix-audio-x-sabre-3\/\" target=\"_blank\" rel=\"noreferrer noopener\">Matrix Audio X-Sabre 3<\/a><\/li>\n\n\n\n<li>Kuulokevahvistimet: <a href=\"http:\/\/kuulokenurkka.com\/en\/arvostelu-cayin-iha-6\/\" target=\"_blank\" rel=\"noreferrer noopener\">Cayin iHA-6<\/a> (balansoitu liitin), <a href=\"http:\/\/kuulokenurkka.com\/en\/arvostelu-aune-audio-s17-pro\/\" target=\"_blank\" rel=\"noreferrer noopener\">Aune Audio S17 Pro<\/a> ja Topping L90 (stereovahvistin, jolla voidaan kuunnella balansoidun adapterikaapelin avulla my\u00f6s kuulokkeita)<\/li>\n<\/ul>\n\n\n\n<p>Kuulokkeiden taajuusvaste vaihtelee aina hieman riippuen siit\u00e4, miten ne asetellaan p\u00e4\u00e4h\u00e4n ja korville. Monet avoimet kuulokemallit ovat onneksi t\u00e4lle suhteellisen immuuneja, mutta suljetuissa kuulokkeissa vaihtelu voi olla toisinaan suurta. Dan Clark Audion E3:ssa ja Stealth:issa korvan sijainti pehmusteen sis\u00e4ll\u00e4 vaikuttaa melko paljon AMTS-etuvaimennuksen toimivuuteen etenkin, kun suuret pehmusteet mahdollistavat useita erilaisia k\u00e4ytt\u00f6asentoja. T\u00e4st\u00e4 on sek\u00e4 hy\u00f6ty\u00e4 ett\u00e4 haittaa, sill\u00e4 muutokset taajuusvasteessa ovat tavallista paremmin ennakoitavissa, mutta &#8221;v\u00e4\u00e4rin&#8221; p\u00e4\u00e4h\u00e4n aseteltuna kuulokkeet eiv\u00e4t v\u00e4ltt\u00e4m\u00e4tt\u00e4 kuulosta t\u00e4ysin tasapainoisilta.<\/p>\n\n\n\n<p>Olen pyrkinyt mittaamaan molempien kuulokemallien taajuusvasteen siten, ett\u00e4 mittauslaitteen korvan sijainti pehmusteiden sis\u00e4ll\u00e4 olisi optimaalinen. Kannattaa kuitenkin huomioida, ett\u00e4 esimerkiksi E3-malli kuulostaa kirkkaammalta p\u00e4\u00e4ss\u00e4 yl\u00f6sp\u00e4in siirrettyn\u00e4 ja rauhallisemmalta korvat pehmusteiden yl\u00e4reunaan asetettuna. Itselleni tasapainoisin lopputulos l\u00f6ytyy j\u00e4lkimm\u00e4isen vaihtoehdon mukaisesti, mutta tummemmaksi tuotettua musiikkia kuunnellessa kuulokkeiden nostaminen yl\u00f6sp\u00e4in pirist\u00e4\u00e4 hieman esitystapaa. Satunnaisemmalle kuuntelijalle t\u00e4llainen vaihtelu voi kuitenkin harmillisesti olla melko h\u00e4mment\u00e4v\u00e4\u00e4 ja k\u00e4ytt\u00f6\u00e4 hankaloittavaa, eik\u00e4 kuulokkeiden k\u00e4ytt\u00f6mukavuuskaan v\u00e4ltt\u00e4m\u00e4tt\u00e4 ole parhaimmalla tasolla juuri siin\u00e4 asennossa, miss\u00e4 \u00e4\u00e4nenlaatu olisi optimaalisinta.<\/p>\n\n\n\n<h3 class=\"wp-block-heading has-blue-color has-text-color has-link-color wp-elements-ae16e7f3dac3a77eb039c9699ded0bf3\" id=\"e-3-n-taajuusvaste\" style=\"font-size:23px\">E3:n taajuusvaste:<\/h3>\n\n\n<div class=\"wp-block-image\">\n<figure data-wp-context=\"{&quot;imageId&quot;:&quot;69f0a5c324289&quot;}\" data-wp-interactive=\"core\/image\" data-wp-key=\"69f0a5c324289\" class=\"aligncenter size-full wp-lightbox-container\"><img loading=\"lazy\" decoding=\"async\" width=\"2400\" height=\"1038\" data-wp-class--hide=\"state.isContentHidden\" data-wp-class--show=\"state.isContentVisible\" data-wp-init=\"callbacks.setButtonStyles\" data-wp-on--click=\"actions.showLightbox\" data-wp-on--load=\"callbacks.setButtonStyles\" data-wp-on-window--resize=\"callbacks.setButtonStyles\" src=\"https:\/\/kuulokenurkka.com\/wp-content\/uploads\/2024\/05\/graph108.png\" alt=\"\" class=\"wp-image-23712\"\/><button\n\t\t\tclass=\"lightbox-trigger\"\n\t\t\ttype=\"button\"\n\t\t\taria-haspopup=\"dialog\"\n\t\t\taria-label=\"Enlarge\"\n\t\t\tdata-wp-init=\"callbacks.initTriggerButton\"\n\t\t\tdata-wp-on--click=\"actions.showLightbox\"\n\t\t\tdata-wp-style--right=\"state.imageButtonRight\"\n\t\t\tdata-wp-style--top=\"state.imageButtonTop\"\n\t\t>\n\t\t\t<svg xmlns=\"http:\/\/www.w3.org\/2000\/svg\" width=\"12\" height=\"12\" fill=\"none\" viewbox=\"0 0 12 12\">\n\t\t\t\t<path fill=\"#fff\" d=\"M2 0a2 2 0 0 0-2 2v2h1.5V2a.5.5 0 0 1 .5-.5h2V0H2Zm2 10.5H2a.5.5 0 0 1-.5-.5V8H0v2a2 2 0 0 0 2 2h2v-1.5ZM8 12v-1.5h2a.5.5 0 0 0 .5-.5V8H12v2a2 2 0 0 1-2 2H8Zm2-12a2 2 0 0 1 2 2v2h-1.5V2a.5.5 0 0 0-.5-.5H8V0h2Z\" \/>\n\t\t\t<\/svg>\n\t\t<\/button><figcaption class=\"wp-element-caption\"><strong><em>E3:n taajuusvaste suhteessa Harmanin tavoitek\u00e4yr\u00e4\u00e4n vuodelta 2018. Mittaukset on tehty IEC711-standardin mukaisella laitteistolla useiden mittauskertojen ja kahden kanavan keskiarvona.<\/em><\/strong><\/figcaption><\/figure>\n<\/div>\n\n\n<h3 class=\"wp-block-heading has-red-color has-text-color has-link-color wp-elements-2b08c1a3cc320fa8248ed85fed13e9c5\" id=\"stealth-in-taajuusvaste\" style=\"font-size:23px\">Stealth:in taajuusvaste:<\/h3>\n\n\n<div class=\"wp-block-image\">\n<figure data-wp-context=\"{&quot;imageId&quot;:&quot;69f0a5c3246cc&quot;}\" data-wp-interactive=\"core\/image\" data-wp-key=\"69f0a5c3246cc\" class=\"aligncenter size-full wp-lightbox-container\"><img loading=\"lazy\" decoding=\"async\" width=\"2400\" height=\"1038\" data-wp-class--hide=\"state.isContentHidden\" data-wp-class--show=\"state.isContentVisible\" data-wp-init=\"callbacks.setButtonStyles\" data-wp-on--click=\"actions.showLightbox\" data-wp-on--load=\"callbacks.setButtonStyles\" data-wp-on-window--resize=\"callbacks.setButtonStyles\" src=\"https:\/\/kuulokenurkka.com\/wp-content\/uploads\/2024\/04\/graph-16.png\" alt=\"\" class=\"wp-image-23301\"\/><button\n\t\t\tclass=\"lightbox-trigger\"\n\t\t\ttype=\"button\"\n\t\t\taria-haspopup=\"dialog\"\n\t\t\taria-label=\"Enlarge\"\n\t\t\tdata-wp-init=\"callbacks.initTriggerButton\"\n\t\t\tdata-wp-on--click=\"actions.showLightbox\"\n\t\t\tdata-wp-style--right=\"state.imageButtonRight\"\n\t\t\tdata-wp-style--top=\"state.imageButtonTop\"\n\t\t>\n\t\t\t<svg xmlns=\"http:\/\/www.w3.org\/2000\/svg\" width=\"12\" height=\"12\" fill=\"none\" viewbox=\"0 0 12 12\">\n\t\t\t\t<path fill=\"#fff\" d=\"M2 0a2 2 0 0 0-2 2v2h1.5V2a.5.5 0 0 1 .5-.5h2V0H2Zm2 10.5H2a.5.5 0 0 1-.5-.5V8H0v2a2 2 0 0 0 2 2h2v-1.5ZM8 12v-1.5h2a.5.5 0 0 0 .5-.5V8H12v2a2 2 0 0 1-2 2H8Zm2-12a2 2 0 0 1 2 2v2h-1.5V2a.5.5 0 0 0-.5-.5H8V0h2Z\" \/>\n\t\t\t<\/svg>\n\t\t<\/button><figcaption class=\"wp-element-caption\"><strong><em>Stealth:in taajuusvaste suhteessa Harmanin tavoitek\u00e4yr\u00e4\u00e4n vuodelta 2018. Mittaukset on tehty IEC711-standardin mukaisella laitteistolla useiden mittauskertojen ja kahden kanavan keskiarvona.<\/em><\/strong><\/figcaption><\/figure>\n<\/div>\n\n\n<p>Dan Clark Audio on tuunannut molemmat kuulokkeensa Harmanin tavoitek\u00e4yr\u00e4n (vuoden 2018 versio) mukaisesti onnistuen siin\u00e4 erinomaisesti. Kauniisti tavoitejanalle asettuvia taajuusvasteita ja matalia s\u00e4r\u00f6arvoja tarkastellessa puhutaankin k\u00e4yt\u00e4nn\u00f6ss\u00e4 t\u00e4ydellisest\u00e4 kuuloketoistosta, josta on vaikeaa l\u00f6yt\u00e4\u00e4 huomautettavaa. Molemmat mallit p\u00e4\u00e4sev\u00e4t l\u00e4hemm\u00e4s laadukasta kaiutintoistoa kuin mitk\u00e4\u00e4n muut aiemmin kokeilemani kuulokkeet. \u00c4\u00e4nitteet esitet\u00e4\u00e4n \u00e4\u00e4rimm\u00e4isen selke\u00e4sti ja rehellisesti kaikkine vahvuuksineen ja heikkouksineen ilman, ett\u00e4 kuulokkeet itse lis\u00e4isiv\u00e4t toistoon juuri mit\u00e4\u00e4n. \u00c4\u00e4ni on my\u00f6s niin puhdasta ja tasaista, ettei kuulokkeiden rakenteen uskoisi olevan suljettu.<\/p>\n\n\n\n<p>Kaksikosta hintavampi Stealth-malli kuulostaa referenssim\u00e4isen neutraalilta ja v\u00e4rittym\u00e4tt\u00f6m\u00e4lt\u00e4 ollen rasittamatonta kuunneltavaa pidemm\u00e4nkin aikaa. E3-malli puolestaan poikkeaa t\u00e4st\u00e4 hieman lis\u00e4\u00e4m\u00e4ll\u00e4 toistoon ripauksen energisyytt\u00e4 ja el\u00e4vyytt\u00e4 kirkkaammilla yl\u00e4taajuuksillaan \u2013 t\u00e4m\u00e4 vaikuttaa olleen valmistajalta tietoinen valinta. Itse huomaan suosivani kaksikosta menev\u00e4mm\u00e4n ja dynaamisemman kuuloista E3:a, mutta rennompaan kuunteluun hieman luonnollisemmalta ja t\u00e4ytel\u00e4isemm\u00e4lt\u00e4 tuntuva Stealth voisi olla parempi valinta. Suuresta hintaerosta huolimatta asettaisin kuitenkin molempien \u00e4\u00e4nenlaadun pitk\u00e4lti samalle viivalle, joten E3 on mielest\u00e4ni t\u00e4ysin ansainnut saamansa kehut ja siit\u00e4 on helppoa povata myyntimenestyst\u00e4. Valmistaja ei ole arastellut tuoda erinomaista \u00e4\u00e4nenlaatua tarjolle aiempaa edullisempaan hintaan.<\/p>\n\n\n\n<h3 class=\"wp-block-heading\" id=\"basso\" style=\"font-size:23px\">Basso:<\/h3>\n\n\n\n<p>Harmanin tavoitek\u00e4yr\u00e4\u00e4n on leivottuna sis\u00e4\u00e4n ajatus voimakkaasta bassontoistosta, koska ihmiset pit\u00e4v\u00e4t sit\u00e4 hauskana ja se auttaa kuulokkeita imitoimaan kaiuttimia. T\u00e4m\u00e4 toteutuu sek\u00e4 E3:ssa ett\u00e4 Stealth:issa, koska niiden taajuusvaste nousee koholle alabassoa kohti. Molemmista kuulokkeista l\u00f6ytyy my\u00f6s pieni notko 200 hertsin kohdalta, joten basso pysyy \u00e4\u00e4rimm\u00e4isen selke\u00e4n\u00e4 ja erill\u00e4\u00e4n keskitaajuuksista. Toisaalta t\u00e4m\u00e4n vuoksi alataajuudet voivat kuulostaa toisinaan hieman kevyelt\u00e4 verrattuna dynaamisiin kuulokemalleihin, joissa sama taajuusalue on monesti pikemminkin koholla tuoden toistoon tuhdimpaa murinaa ja potkua. E3 tai Stealth eiv\u00e4t kuitenkaan varsinaisesti t\u00e4t\u00e4 tarvitse, vaan niiden basso toistuu edelleen vaikuttavan voimakkaasti, jos kuunneltu musiikki on sellaiseksi tarkoitettu. Toisin sanoen kuulokkeet eiv\u00e4t varsinaisesti lis\u00e4\u00e4 toistoon bassoa, vaan esimerkiksi kevytt\u00e4 musiikkia tukevoittamaan t\u00e4ytyisi hankkia bassoltaan korostuneemmat kuulokkeet (tai voimistaa bassoa taajuuskorjaamalla).<\/p>\n\n\n\n<p>Aeon-sarjasta poiketen E3:n ja Stealth:in bassontoistoa ei kuitenkaan en\u00e4\u00e4 vaivaa voimattomuus, vaan niiden elementit liikuttavat vihdoin ilmaa itse\u00e4ni tyydytt\u00e4v\u00e4ll\u00e4 tavalla. Alabassoon nojaava elektroninen musiikki jytisee fyysisesti, mink\u00e4 lis\u00e4ksi bassokitara runttaa lujaa ja rummutuksen voima pomppaa mukavasti esiin. Kaksikosta Stealth kuulostaa alataajuuksiltaan hieman muhkeammalta ja t\u00e4ytel\u00e4isemm\u00e4lt\u00e4, mik\u00e4 johtunee osittain kuulokkeiden rauhallisemmista yl\u00e4taajuuksista. E3 puolestaan saa itseni syttym\u00e4\u00e4n dynaamisuudellaan ja tiukkuudellaan. Se onnistuu esitt\u00e4m\u00e4\u00e4n l\u00e4hes t\u00e4ydellisesti niin iskujen voiman kuin bassokitaran p\u00f6risev\u00e4n tekstuurinkin. \u00c4\u00e4ni alkaa r\u00e4j\u00e4ht\u00e4v\u00e4sti ja se saatetaan loppuun painavan tuntuisena. Samalla alataajuudet eiv\u00e4t koskaan puuroudu, vaan jokainen vivahde on selv\u00e4sti kuultavissa. Mieleeni ei \u00e4kkiselt\u00e4\u00e4n tule bassoltaan laadukkaampia kuulokkeita ottaen huomioon, ett\u00e4 avoimissa malleissa kaikkein alimmat taajuudet toistuvat selv\u00e4sti heikommin.<\/p>\n\n\n\n<p>Stealth-mallin t\u00e4ytel\u00e4isyydest\u00e4 on mielest\u00e4ni hy\u00f6ty\u00e4 esimerkiksi akustisia soittimia kuunnellessa, sill\u00e4 ne saavat luonnollisemman s\u00e4vyn. My\u00f6s elektroninen musiikki kuulostaa tavallaan suuremmalta. Silti E3:een vaihtaessa en voi olla huomaamatta, miten Stealth kuulostaa hieman pehme\u00e4mm\u00e4lt\u00e4. Mit\u00e4\u00e4n varsinaista haittaa t\u00e4st\u00e4 ei kuitenkaan ole, ja omalla kohdallani kuulokkeiden l\u00f6ys\u00e4 istuvuus voi my\u00f6s vaikuttaa havaintoihini, koska alabassoa on vaikeaa saada toistumaan oikein. E3:n tiukempi istuvuus v\u00e4litt\u00e4\u00e4 alataajuuksien \u00e4\u00e4nenpaineen itselleni hauskemmin, joten suosin lopulta kaksikosta sit\u00e4. Molempien kuulokkeiden bassontoisto vaikuttaisi hy\u00f6tyv\u00e4n tehokkaasta transistorivahvistimesta, joka kontrolloi elementtej\u00e4 tiukasti.<\/p>\n\n\n<div class=\"wp-block-image\">\n<figure class=\"aligncenter size-full\"><img loading=\"lazy\" decoding=\"async\" width=\"2399\" height=\"1445\" src=\"https:\/\/kuulokenurkka.com\/wp-content\/uploads\/2024\/05\/Molemmat.jpg\" alt=\"\" class=\"wp-image-23662\"\/><\/figure>\n<\/div>\n\n\n<h3 class=\"wp-block-heading\" id=\"keskitaajuudet\" style=\"font-size:23px\">Keskitaajuudet:<\/h3>\n\n\n\n<p>Molemmat kuulokkeet toistavat keskitaajuudet \u00e4\u00e4rimm\u00e4isen luonnollisesti ja \u00e4\u00e4nitteille uskollisesti. Stealth kuulostaa kaksikosta hieman neutraalimmalta ja lineaarisemmalta, kun taas E3 painottaa viel\u00e4 enemm\u00e4n toiston selkeytt\u00e4 ohentamalla hitusen 1\u20132 kHz:n taajuusaluetta ja lis\u00e4\u00e4m\u00e4ll\u00e4 energiaa 3\u20134 kHz:n v\u00e4lille. Vastaavaa tuunaustyyli\u00e4 hy\u00f6dynnet\u00e4\u00e4n esimerkiksi Hifimanin avoimissa planaarikuulokkeissa, mutta jyrkemmin toteutettuna.<\/p>\n\n\n\n<p>Kutsuisin E3:a sopivasti el\u00e4v\u00f6itetyksi versioksi Harmanin tavoitek\u00e4yr\u00e4st\u00e4. Stealth:iin verrattuna pid\u00e4n erityisesti siit\u00e4, miten vokalisti ottaa aina selke\u00e4mmin rajattuna paikkansa toiston keski\u00f6ss\u00e4 kuulostaen intiimilt\u00e4 ja s\u00e4rmikk\u00e4\u00e4n artikuloidulta \u2013 t\u00e4llainen vokalistiin fokusoitunut esitystapa miellytt\u00e4isi varmasti Sennheiserin HD 600-sarjaan tottuneita. My\u00f6s yl\u00e4taajuuksille painottuvat soittimien yksityiskohdat pomppaavat E3:lla huomiota her\u00e4tt\u00e4v\u00e4mmin ja vaivattomammin esiin kokonaisuudessa sijoittuen juuri oikeaan kohtaan avaran tuntuisessa \u00e4\u00e4nikuvassa.<\/p>\n\n\n\n<p>Stealth kuulostaa hieman rauhallisemmalta ja l\u00e4mpim\u00e4mm\u00e4lt\u00e4, eik\u00e4 se nosta samaan tapaan tiettyj\u00e4 toiston osa-alueita muiden edelle. Soittimien runko tulee kuitenkin painotetuksi hieman luonnollisemmin ohuempaan ja kirkkaampaan E3:een verrattuna, joten Stealth:in \u00e4\u00e4nenv\u00e4rin voitaisiin sanoa olevan aidompi. Sen pitk\u00e4aikainen kuuntelu on lis\u00e4ksi rasittamattomampaa, eiv\u00e4tk\u00e4 heikommin tuotetun musiikin virheet ole aivan yht\u00e4 silmiinpist\u00e4vi\u00e4 Kuin E3:lla. Toisaalta edullisemman mallin energisempi esitystapa on sekin niin sulava, ettei siit\u00e4 aiheudu itselleni kuunteluv\u00e4symyst\u00e4, kunhan olen asetellut kuulokkeet sopivasti korvilleni.<\/p>\n\n\n\n<p>Kaksikon paremmuus on mielest\u00e4ni lopulta makuasia, sill\u00e4 molemmat kuulostavat omalla tavallaan erinomaiselta ja oikeaoppiselta. Heikkouksia kuulokkeista on vaikeaa l\u00f6yt\u00e4\u00e4, mutta Stealth-malli saattaisi olla joillekin turhankin tasainen. Itselleni kuulokkeet ovat lopulta hieman pid\u00e4ttyv\u00e4iset, joten koen E3:n kuuntelun hauskemmaksi ilman, ett\u00e4 se poikkeaisi liian kauas neutraaliudesta. Toisaalta kirkkaampien yl\u00e4taajuuksien varjopuoli on toiston ajoittainen hy\u00f6kk\u00e4\u00e4vyys ja karkeus. Esimerkiksi ter\u00e4v\u00e4ksi tuotetut naispopparit ja aggressiivinen musiikki voivat kuulostaa E3:lla hieman ep\u00e4miellytt\u00e4v\u00e4lt\u00e4, joten t\u00e4llaisen musiikin kuuntelu on p\u00e4\u00e4s\u00e4\u00e4nt\u00f6isesti helpompaa Stealth:illa.<\/p>\n\n\n\n<p>Mahdolliset ongelmat johtuvat kuitenkin pitk\u00e4lti musiikista itsest\u00e4\u00e4n ja niit\u00e4 voidaan lievent\u00e4\u00e4 siirt\u00e4m\u00e4ll\u00e4 kuulokkeita p\u00e4\u00e4ss\u00e4 alasp\u00e4in, jolloin 3\u20135 kHz:n v\u00e4li rauhoittuu parilla desibelill\u00e4 l\u00e4hemm\u00e4s Stealth-mallia. Hyvin tuotettu musiikki sen sijaan kuulostaa E3:lla eritt\u00e4in vaikuttavalta ja el\u00e4v\u00e4lt\u00e4. Stealth:in koen pysyv\u00e4n kaksikosta p\u00e4\u00e4s\u00e4\u00e4nt\u00f6isesti hillitymp\u00e4n\u00e4, mist\u00e4 on sek\u00e4 hy\u00f6ty\u00e4 ett\u00e4 haittaa. Omien mieltymysten tunnistaminen onkin t\u00e4ss\u00e4 tapauksessa t\u00e4rke\u00e4\u00e4, mutta luulenpa, ett\u00e4 itseni tapaan E3 saattaisi tarjota monille muillekin innostavamman kuuntelukokemuksen. Stealth-malli on kriittiseen makuun viel\u00e4 hieman neutraalimpi ja tasapainoisempi, mutta siit\u00e4 t\u00e4ytyy maksaa tuplasti. Keskitaajuuksiltaan l\u00e4mpim\u00e4mp\u00e4\u00e4n ja rennompaan toistoon mieltyneet sen sijaan saattaisivat pit\u00e4\u00e4 enemm\u00e4n esimerkiksi ZMF:n suljetuista kuulokemalleista.<\/p>\n\n\n\n<h3 class=\"wp-block-heading\" id=\"diskantti\" style=\"font-size:23px\">Treble:<\/h3>\n\n\n\n<p>Molemmat kuulokkeet tarjoavat suljetusta rakenteestaan huolimatta l\u00e4hes t\u00e4ydellisen tasaista ja yhten\u00e4ist\u00e4 diskantintoistoa, josta monet muut valmistajat voivat vain haaveilla. Suurempien korostumien ja vaimentumien puuttuminen on varmasti AMTS-rakenteen ansiota, koska sill\u00e4 on oman ymm\u00e4rrykseni mukaan kaikkein tehokkainta s\u00e4\u00e4t\u00e4\u00e4 juuri yl\u00e4taajuuksia. E3 ja Stealth kuulostavat oikeaoppisen kirkkailta ilman r\u00e4ikeytt\u00e4 tai ter\u00e4vyytt\u00e4.<\/p>\n\n\n\n<p>Erityisesti Stealth-malli kuulostaa ihailtavan rasittamattomalta ja luonnolliselta, sill\u00e4 se ei monista muista nykykuulokkeista poiketen korosta 10 kHz:n yl\u00e4puolisia taajuuksia k\u00e4yt\u00e4nn\u00f6ss\u00e4 laisinkaan. Esimerkiksi rumpujen lautasista puuttuu kaikenlainen ylim\u00e4\u00e4r\u00e4inen kihin\u00e4 ja sihin\u00e4, jota ep\u00e4tasaisemmalla tai ilmavammaksi korostetulla diskantilla voisi olla tiedossa. T\u00e4m\u00e4n ansiosta pystyn keskittym\u00e4\u00e4n helposti musiikkiin kokonaisuutena, enk\u00e4 j\u00e4\u00e4 analysoimaan yksitt\u00e4isi\u00e4 asioita, vaikkei Stealth varsinaisesti mit\u00e4\u00e4n oleellista \u00e4\u00e4nitteilt\u00e4 piilotakaan.<\/p>\n\n\n\n<p>Itse olen kuitenkin luultavasti tottunut hieman kirkkaampaan toistoon, koska sytyn lopulta enemm\u00e4n E3:n energisemm\u00e4lle esitystavalle. Ehk\u00e4 Dan Clark Audio on todennut t\u00e4m\u00e4n itsekin, sill\u00e4 se on onnistunut tekem\u00e4\u00e4n edullisemmasta mallistaan juuri sopivasti el\u00e4v\u00e4mm\u00e4n ja raikkaamman. Kun siirryn Stealth-mallista E3:een, \u00e4\u00e4nikuvasta tulee hieman ilmavamman ja avoimemman tuntuinen, ja musiikin yksityiskohtien havaitseminen on vaivattomampaa. E3:n esitystapa aktivoi enemm\u00e4n, mutta tarjoaa my\u00f6s tavallaan enemm\u00e4n kuunneltavaa kuin Stealth. \u00c4\u00e4net jatkuvat mielest\u00e4ni vaivattomammin loppuun saakka ja tilavaikutelma muistuttaa enemm\u00e4n avoimia kuulokkeita. Ero kaksikon v\u00e4lill\u00e4 ei ole miss\u00e4\u00e4n nimess\u00e4 valtava, mutta Stealth on diskantiltaan omaan makuuni jopa turhankin kesy ja varovainen etenkin, kun en koe E3:a juuri koskaan liian kirkkaaksi. Toisaalta sen el\u00e4v\u00f6itetty \u00e4\u00e4ni kuulostaa joka tapauksessa hieman levottomammalta, joten diskantin s\u00e4ihkett\u00e4 vieroksuvat saattaisivat aivan hyvin suosia Stealth:in tyyneytt\u00e4 ja rentoutta.<\/p>\n\n\n\n<p>E3:n kohdalla kannattaa huomioida, ett\u00e4 sen asettelu korville vaikuttaa yl\u00e4keskitaajuuksien m\u00e4\u00e4r\u00e4n ohella my\u00f6s diskantin kirkkauteen: kuulokkeiden alasp\u00e4in siirt\u00e4minen rauhoittaa \u00e4\u00e4nt\u00e4 molempien taajuusalueiden osalta.<\/p>\n\n\n<div class=\"wp-block-image\">\n<figure data-wp-context=\"{&quot;imageId&quot;:&quot;69f0a5c324c4b&quot;}\" data-wp-interactive=\"core\/image\" data-wp-key=\"69f0a5c324c4b\" class=\"aligncenter size-full wp-lightbox-container\"><img loading=\"lazy\" decoding=\"async\" width=\"1914\" height=\"1497\" data-wp-class--hide=\"state.isContentHidden\" data-wp-class--show=\"state.isContentVisible\" data-wp-init=\"callbacks.setButtonStyles\" data-wp-on--click=\"actions.showLightbox\" data-wp-on--load=\"callbacks.setButtonStyles\" data-wp-on-window--resize=\"callbacks.setButtonStyles\" src=\"https:\/\/kuulokenurkka.com\/wp-content\/uploads\/2024\/05\/Heijastus.jpg\" alt=\"\" class=\"wp-image-23660\"\/><button\n\t\t\tclass=\"lightbox-trigger\"\n\t\t\ttype=\"button\"\n\t\t\taria-haspopup=\"dialog\"\n\t\t\taria-label=\"Enlarge\"\n\t\t\tdata-wp-init=\"callbacks.initTriggerButton\"\n\t\t\tdata-wp-on--click=\"actions.showLightbox\"\n\t\t\tdata-wp-style--right=\"state.imageButtonRight\"\n\t\t\tdata-wp-style--top=\"state.imageButtonTop\"\n\t\t>\n\t\t\t<svg xmlns=\"http:\/\/www.w3.org\/2000\/svg\" width=\"12\" height=\"12\" fill=\"none\" viewbox=\"0 0 12 12\">\n\t\t\t\t<path fill=\"#fff\" d=\"M2 0a2 2 0 0 0-2 2v2h1.5V2a.5.5 0 0 1 .5-.5h2V0H2Zm2 10.5H2a.5.5 0 0 1-.5-.5V8H0v2a2 2 0 0 0 2 2h2v-1.5ZM8 12v-1.5h2a.5.5 0 0 0 .5-.5V8H12v2a2 2 0 0 1-2 2H8Zm2-12a2 2 0 0 1 2 2v2h-1.5V2a.5.5 0 0 0-.5-.5H8V0h2Z\" \/>\n\t\t\t<\/svg>\n\t\t<\/button><figcaption class=\"wp-element-caption\"><strong><em>Kuppien lasipinta toimii tarvittaessa peilin\u00e4.<\/em><\/strong><\/figcaption><\/figure>\n<\/div>\n\n\n<h3 class=\"wp-block-heading\" id=\"muita-havaintoja\" style=\"font-size:23px\">Muita havaintoja:<\/h3>\n\n\n\n<p>Tasapainoisten taajuusvasteiden lis\u00e4ksi n\u00e4kisin molempien kuulokkeiden vahvuutena \u00e4\u00e4nen puhtauden. Suljetun rakenteen sudenkuopat vaikuttavat onnistuneesti eliminoiduilta, sill\u00e4 \u00e4\u00e4ni pysyy selke\u00e4n\u00e4 kaikissa tilanteissa menem\u00e4tt\u00e4 niin sanotusti tukkoon, vaikka musiikissa tapahtuisikin yht\u00e4aikaisesti paljon kaikkea. My\u00f6s \u00e4\u00e4nten tilallinen erottelu ja sijoittelu on erinomaisen tarkkaa E3:n tehdess\u00e4 itseeni lis\u00e4kirkkautensa ansiosta viel\u00e4kin suuremman vaikutuksen kuin Stealth. Osittain t\u00e4m\u00e4 johtuu siit\u00e4, ett\u00e4 E3 kiinnitt\u00e4\u00e4 yksitt\u00e4isiin \u00e4\u00e4niin enemm\u00e4n huomiota ja kerrostaa niit\u00e4 eri tavalla kuin tasaisemmalta kuulostava Stealth.<\/p>\n\n\n\n<p>Avoimet kuulokemallit kykenev\u00e4t edelleen parhaimmillaan kuulostamaan avarammalta, mutta \u00e4\u00e4nikuva on Dan Clark Audion suljetussa kaksikossa niin tilavan tuntuinen, ett\u00e4 niit\u00e4 on jopa hieman hankalaa sijoittaa avoin-suljettu-akselille. Piirteit\u00e4 on l\u00f6ydett\u00e4viss\u00e4 molemmista \u00e4\u00e4rip\u00e4ist\u00e4 ilman, ett\u00e4 asia j\u00e4isi h\u00e4iritsem\u00e4\u00e4n musiikista nauttiessa. Tavallisesti kuulokkeet voivat tuntua suljetuilta jo puhtaasti siit\u00e4 syyst\u00e4, ett\u00e4 ne vaimentavat ymp\u00e4rist\u00f6\u00e4\u00e4ni\u00e4. Toisaalta suljettu rakenne antaa my\u00f6s yleens\u00e4 \u00e4\u00e4nikuvalle selke\u00e4mm\u00e4t rajat. E3 ja Stealth kuulostavat mielest\u00e4ni siin\u00e4 mieless\u00e4 avoimilta, ett\u00e4 t\u00e4llaiset rajat ovat suhteellisen h\u00e4m\u00e4r\u00e4t eli \u00e4\u00e4ni haipuu melko onnistuneesti ik\u00e4\u00e4n kuin \u00e4\u00e4rett\u00f6myyteen luomatta laatikkomaista tunnetta. \u00c4\u00e4nikuvan syvyysvaikutelma on my\u00f6s toimiva, joten \u00e4\u00e4ni ei j\u00e4\u00e4 p\u00e4\u00e4ni sis\u00e4\u00e4n, vaan asettuu hieman etupuolelleni.<\/p>\n\n\n\n<p>Dan Clark Audion kuulokkeissa on lis\u00e4ksi huomionarvoista se, etten pystyisi \u00e4\u00e4nenv\u00e4rin tai muiden ominaispiirteiden perusteella suoraan sanomaan, millaiset elementit niist\u00e4 l\u00f6ytyy. Taajuusvasteesta puuttuu monia planaarielementeille tyypillisi\u00e4 piirteit\u00e4, kuten enemm\u00e4n notkolla oleva 1\u20132 kHz:n alue ja korostunut diskantti. My\u00f6sk\u00e4\u00e4n dynamiikasta asia ei kunnolla selvi\u00e4, sill\u00e4 E3 ja Stealth eiv\u00e4t en\u00e4\u00e4 k\u00e4rsi Aeon- ja Ether-sarjojen velttoudesta ja voimattomuudesta, johon vaikutti uskoakseni eniten elementtien vaimennustapa. Nyt kun elementit hengitt\u00e4v\u00e4t vapaammin ilman paksuja huopakerroksia, toisto on hyv\u00e4ll\u00e4 tavalla ter\u00e4v\u00e4mp\u00e4\u00e4 ja t\u00e4sm\u00e4llisemp\u00e4\u00e4. My\u00f6s bassontoiston voima v\u00e4littyy oikeaoppisesti, eik\u00e4 alabasso p\u00e4\u00e4se hyytym\u00e4\u00e4n. Itsell\u00e4ni ei olekaan dynamiikassa mit\u00e4\u00e4n pahaa sanottavaa, vaan kaksikosta r\u00e4j\u00e4ht\u00e4v\u00e4mpi E3-malli tekee itseeni jopa vaikutuksen.<\/p>\n\n\n\n<h2 class=\"wp-block-heading\" id=\"vahvistus\"><span style=\"text-decoration: underline;\">Confirmation<\/span><\/h2>\n\n\n\n<p>Kaikki Dan Clark Audion planaarikuulokkeet vaativat vahvistimelta tavallista enemm\u00e4n jerkkua matalahkon herkkyytens\u00e4 vuoksi, eiv\u00e4tk\u00e4 E3 (90 dB\/mW) ja Stealth (92 dB\/mW) tee t\u00e4lt\u00e4 osin poikkeusta. Vaikka E3:n herkkyys onkin aavistuksen matalampi, n\u00e4kisin sen itseasiassa vahvistuksen n\u00e4k\u00f6kulmasta kaksikosta helpompana 27 ohmin impedanssin my\u00f6t\u00e4. Stealth:in eritt\u00e4in matala 13 ohmin impedanssi voi muodostua ongelmaksi laitteilla, joiden virranantokyky on rajallinen. T\u00e4ll\u00f6in puhutaan kuitenkin hieman vanhemmista vahvistimista ja pienemmist\u00e4 mobiililaitteista. Moderneilla ty\u00f6p\u00f6yt\u00e4k\u00e4ytt\u00f6\u00f6n suunnitelluilla transistorivahvistimilla ei pit\u00e4isi olla suurempia haasteita toistaa molempia Dan Clark Audion kuulokkeita. Esimerkiksi noin 180 euroa maksava SMSL DL200 riitt\u00e4\u00e4 vahvistustehon n\u00e4k\u00f6kulmasta hyvin ja kuulostaa kaikin puolin tasapainoiselta ja rasittamattomalta.<\/p>\n\n\n\n<p>\u00c4kkiselt\u00e4\u00e4n voisikin tuntua, ett\u00e4 eih\u00e4n t\u00e4ss\u00e4 sen kummoisempaa vahvistinta tarvita. Tilanne ei kuitenkaan ole aivan n\u00e4in suoraviivainen, sill\u00e4 erot hyvien ja edullisten laitteiden v\u00e4lill\u00e4 kasvavat mielest\u00e4ni kohtalaisen suuriksi \u00e4\u00e4nikuvan laajuuden, erottelun selkeyden, dynamiikan ja bassontoiston tiukkuuden osalta. Vaikka kuulokkeiden tasapainoinen taajuusvaste varmistaakin sen, ettei niist\u00e4 tule erikoisen kuuloisia edes v\u00e4rittyneemm\u00e4ll\u00e4 laitteistolla, pienet erot laitteiden v\u00e4lill\u00e4 tulevat selke\u00e4sti esille.<\/p>\n\n\n\n<p>Omasta mielest\u00e4ni kumpikaan kuulokkeista ei varsinaisesti kaipaa muutoksia, joten olenkin pit\u00e4nyt niist\u00e4 eniten suhteellisen neutraalilla laitteistolla, kuten <a href=\"http:\/\/kuulokenurkka.com\/en\/arvostelu-matrix-audio-x-sabre-3\/\" target=\"_blank\" rel=\"noreferrer noopener\">Matrix Audio X-Sabre 3<\/a> &amp; <a href=\"http:\/\/kuulokenurkka.com\/en\/arvostelu-cayin-iha-6\/\" target=\"_blank\" rel=\"noreferrer noopener\">Cayin iHA-6<\/a> -yhdistelm\u00e4ll\u00e4. Kaiuttimille ensisijaisesti tarkoitettu Topping LA90 tuntuu parantavan entisest\u00e4\u00e4n bassontoiston tiukkuutta ja alabasson \u00e4\u00e4nenpainetta, joten sill\u00e4 kuulokkeet ovat olleet kaikkein hauskimmat. Kuulokevahvistimissa pysytelless\u00e4 Cayin iHA-6 on tarjonnut dynaamisesti innostavaa toistoa, kun taas <a href=\"http:\/\/kuulokenurkka.com\/en\/arvostelu-aune-audio-s17-pro\/\" target=\"_blank\" rel=\"noreferrer noopener\">Aune Audio S17 Pro<\/a>:n lis\u00e4tukevuus, sulavuus ja \u00e4\u00e4nikuvan syvyys ovat yht\u00e4lailla miellytt\u00e4vi\u00e4 piirteit\u00e4 etenkin, jos haluan kuunnella musiikkia v\u00e4hemm\u00e4n aktiivisella otteella. Stealth-malli ei pahastu laisinkaan pienest\u00e4 lis\u00e4kirkkaudesta, kun taas diskanttia lujempaa toistava E3 voisi olla parempi valinta tyylilt\u00e4\u00e4n rauhallisemmalle kuunteluketjulle. Totesin E3:n sopivan yll\u00e4tt\u00e4v\u00e4n hyvin <a href=\"http:\/\/kuulokenurkka.com\/en\/arvostelu-cayin-ha-3a\/\" target=\"_blank\" rel=\"noreferrer noopener\">Cayin HA-3A<\/a>-putkivahvistimelle, joka lis\u00e4\u00e4 kuulokkeiden puhtaaseen \u00e4\u00e4neen oman mielenkiintoisen mausteensa.<\/p>\n\n\n<div class=\"wp-block-image\">\n<figure data-wp-context=\"{&quot;imageId&quot;:&quot;69f0a5c325067&quot;}\" data-wp-interactive=\"core\/image\" data-wp-key=\"69f0a5c325067\" class=\"aligncenter size-full wp-lightbox-container\"><img loading=\"lazy\" decoding=\"async\" width=\"1861\" height=\"1392\" data-wp-class--hide=\"state.isContentHidden\" data-wp-class--show=\"state.isContentVisible\" data-wp-init=\"callbacks.setButtonStyles\" data-wp-on--click=\"actions.showLightbox\" data-wp-on--load=\"callbacks.setButtonStyles\" data-wp-on-window--resize=\"callbacks.setButtonStyles\" src=\"https:\/\/kuulokenurkka.com\/wp-content\/uploads\/2024\/05\/Qudelix.jpg\" alt=\"\" class=\"wp-image-23655\"\/><button\n\t\t\tclass=\"lightbox-trigger\"\n\t\t\ttype=\"button\"\n\t\t\taria-haspopup=\"dialog\"\n\t\t\taria-label=\"Enlarge\"\n\t\t\tdata-wp-init=\"callbacks.initTriggerButton\"\n\t\t\tdata-wp-on--click=\"actions.showLightbox\"\n\t\t\tdata-wp-style--right=\"state.imageButtonRight\"\n\t\t\tdata-wp-style--top=\"state.imageButtonTop\"\n\t\t>\n\t\t\t<svg xmlns=\"http:\/\/www.w3.org\/2000\/svg\" width=\"12\" height=\"12\" fill=\"none\" viewbox=\"0 0 12 12\">\n\t\t\t\t<path fill=\"#fff\" d=\"M2 0a2 2 0 0 0-2 2v2h1.5V2a.5.5 0 0 1 .5-.5h2V0H2Zm2 10.5H2a.5.5 0 0 1-.5-.5V8H0v2a2 2 0 0 0 2 2h2v-1.5ZM8 12v-1.5h2a.5.5 0 0 0 .5-.5V8H12v2a2 2 0 0 1-2 2H8Zm2-12a2 2 0 0 1 2 2v2h-1.5V2a.5.5 0 0 0-.5-.5H8V0h2Z\" \/>\n\t\t\t<\/svg>\n\t\t<\/button><figcaption class=\"wp-element-caption\"><strong><em>Lyhyen kaapelin ja mobiilivahvistimen, kuten Qudelix 5K:n, kanssa kuulokkeista tulee melko n\u00e4pp\u00e4r\u00e4 setti mukana kuljetettavaksi.<\/em><\/strong><\/figcaption><\/figure>\n<\/div>\n\n\n<p>Koska molemmat Dan Clark Audion kuulokemallit kulkisivat suhteellisen n\u00e4pp\u00e4r\u00e4sti mukana kotelossaan, osa saattaa kuunnella niit\u00e4 my\u00f6s mobiilik\u00e4ytt\u00f6\u00f6n suunnatuilla vahvistimilla. Esimerkiksi <a href=\"http:\/\/kuulokenurkka.com\/en\/arvostelu-chord-mojo-2\/\" target=\"_blank\" rel=\"noreferrer noopener\">Chord Mojo 2<\/a> olisi luultavasti oikein sopiva t\u00e4llaiseen k\u00e4ytt\u00f6\u00f6n. Itse olen kuunnellut E3:a jonkin verran <a href=\"http:\/\/kuulokenurkka.com\/en\/qudelix-5k-maailman-monipuolisin-mobiilivahvistin\/\" target=\"_blank\" rel=\"noreferrer noopener\">Qudelix 5K<\/a>:lla Bluetooth-yhteytt\u00e4 hy\u00f6dynt\u00e4en. Laitteen balansoitu kuulokeliitin kykenee toistamaan kuulokkeita ilman suurempia heikkouksia, ellei bassosta ole tarkoitus tehd\u00e4 kaikkein tiukinta tai \u00e4\u00e4nikuvasta mahdollisimman vaikuttavaa. T\u00e4m\u00e4n yhdistelm\u00e4n rento ja aavistuksen pehme\u00e4 \u00e4\u00e4ni sopii kuitenkin erinomaisesti esimerkiksi ty\u00f6skentelyn ohessa kuunneltavaksi. Tarvittaessa Qudelix:in taajuuskorjaimella voitaisiin my\u00f6s esimerkiksi lis\u00e4t\u00e4 kuulokkeisiin keskibassoa tai rauhoittaa hieman yl\u00e4keskitaajuuksia. \u00c4\u00e4nenvoimakkuuteen j\u00e4\u00e4 taajuuskorjaustenkin j\u00e4lkeen ihan hyvin pelivaraa Tidal-suoratoistopalvelua k\u00e4ytt\u00e4ess\u00e4.<\/p>\n\n\n\n<h2 class=\"wp-block-heading\" id=\"vertailuja-muihin-kuulokkeisiin\"><span style=\"text-decoration: underline;\">Vertailuja muihin kuulokkeisiin<\/span><\/h2>\n\n\n\n<p>Koska Stealth-mallille ei ole olemassa verrokiksi yht\u00e4 hintavia suljettuja kuulokkeita, keskityn t\u00e4ss\u00e4 osiossa enemm\u00e4n E3:een. Toisaalta molempia kuulokkeita olisi periaatteessa mahdollista verrata tasav\u00e4kisesti my\u00f6s avoimiin kuulokemalleihin, koska en koe suljettua rakennetta selke\u00e4n\u00e4 heikkoutena, vaan p\u00e4invastoin siin\u00e4 on jopa omat etunsa tukevamman alabasson my\u00f6t\u00e4.<\/p>\n\n\n\n<p>Olisin toivonut p\u00e4\u00e4sev\u00e4ni vertaamaan E3:a Meze Audion hiljattain julkaistuun Liric 2:een (hinta 2000 \u20ac), mutta se ei mill\u00e4\u00e4n olisi aikataulullisesti ehtinyt mukaan juttuun. Pyrinkin vertailemaan n\u00e4it\u00e4 kuulokkeita mahdollisuuksien mukaan toisella kertaa. Muutoin paria ZMF-mallia (<a href=\"http:\/\/kuulokenurkka.com\/en\/arvostelu-zmf-verite-closed\/\" target=\"_blank\" rel=\"noreferrer noopener\">Verite Closed<\/a> ja Atrium Closed) ja <a href=\"http:\/\/kuulokenurkka.com\/en\/arvostelu-focal-stellia\/\" target=\"_blank\" rel=\"noreferrer noopener\">Focal Stelliaa<\/a> lukuun ottamatta hintaluokasta ei juurikaan l\u00f6ydy varteenotettavia suljettuja malleja, vaan tarjonta painottuu avoimiin kuulokkeisiin.<\/p>\n\n\n\n<p>Erikoisemmista vaihtoehdoista Hifiman myy omassa kaupassaan suljettua Audivina-mallia open box -tuotteena noin 950 eurolla, vaikka kuulokkeet maksavatkin meill\u00e4 Suomessa per\u00e4ti 2300 euroa. Itse olen tavallaan kielt\u00e4ytynyt ottamasta Audivinaa arvosteltavaksi, koska sit\u00e4 ep\u00e4luonnollisempaa tuunausta ei l\u00f6ydy edes halvoista pelikuulokkeista. Sennheiserin suljetusta HD 820-mallista ei mielest\u00e4ni my\u00f6sk\u00e4\u00e4n kannata maksaa 2400 euroa, koska kuulokkeiden \u00e4\u00e4nieristys on olematon \u00e4\u00e4nenlaadullisiin kompromisseihin n\u00e4hden. Pienen kohderyhm\u00e4n mieltymyksiin n\u00e4m\u00e4kin kuulokkeet saattavat toki sopia, mutta laajemmin niit\u00e4 on mahdotonta suositella.<\/p>\n\n\n\n<p>Hieman edullisempien suljettujen kuulokkeiden markkinatilannetta k\u00e4vin jo pikaisesti l\u00e4pi ZMF Bokeh:in <a href=\"http:\/\/kuulokenurkka.com\/en\/arvostelu-zmf-bokeh\/\" target=\"_blank\" rel=\"noreferrer noopener\">arvostelun<\/a> yhteydess\u00e4, joten en toista t\u00e4ss\u00e4 jutussa itse\u00e4ni. Yli 1000 euroa v\u00e4hemm\u00e4n maksava Bokeh voisi itseasiassa olla E3:lle varsin hyv\u00e4 vaihtoehto, jos tukevammin potkiva, l\u00e4mpim\u00e4mpi ja rennompi toisto osuu omin mieltymyksiin. Vaikka E3 onkin kaksikosta selv\u00e4sti neutraalimpi sek\u00e4 etenkin keski- ja yl\u00e4taajuuksiltaan tasaisempi, t\u00e4m\u00e4 tieto ei silti j\u00e4isi Bokehia kuunnellessa h\u00e4iritsem\u00e4\u00e4n suuremmin etenk\u00e4\u00e4n, jos olen s\u00e4\u00e4t\u00e4nyt sen mahdollisimman neutraaliksi ja energiseksi tuunauskitin avulla.<\/p>\n\n\n\n<p>Molempien kuulokkeiden \u00e4\u00e4ni on suljettu rakenne huomioiden selke\u00e4\u00e4 ja eroteltua E3:n vet\u00e4ess\u00e4 lopulta pidemm\u00e4n korren molemmilla osa-alueilla. Tilavaikutelman osalta tilanne on melkolailla 50:50, koska molempien \u00e4\u00e4ni tuntuu avaralta sill\u00e4 erotuksella, ett\u00e4 Bokeh:in \u00e4\u00e4nikuva muistuttaa enemm\u00e4n aitoa huonetta, kun taas E3 toistaa mielenkiintoisesti ik\u00e4\u00e4n kuin pelkk\u00e4\u00e4 \u00e4\u00e4nitett\u00e4 ilman lis\u00e4tty\u00e4 huone-efekti\u00e4. Bokeh:in k\u00e4ytt\u00f6mukavuuden ja ulkon\u00e4\u00f6n sen sijaan asettaisin E3:n edelle. Vaikka E3 onkin kokonaisuutena parempi kuuloke, pid\u00e4n my\u00f6s Bokeh:ia hyv\u00e4n\u00e4 hankintana omassa hintaluokassaan. E3:n korkea hinta rajaa sen kohderyhm\u00e4n melko pieneksi, joten on hyv\u00e4, ett\u00e4 markkinoilta l\u00f6ytyy my\u00f6s edullisempia vaihtoehtoja.<\/p>\n\n\n\n<p>Jos unohdetaan kuitenkin hetkeksi mahdollisimman oikeaoppinen kuuloketoisto, haluan tuoda esiin, miten omalaatuiset suljetut kuulokkeet E3:n hintaluokasta olisi vaihtoehtoisesti ostettavissa. Esimerkkin\u00e4 toimii pitk\u00e4\u00e4n omistamani ZMF Verite Closed, joka on itseasiassa ainoa ennen Kuulokenurkan perustamista ostamani kuulokemalli, jota en ole myynyt eteenp\u00e4in.<\/p>\n\n\n\n<h2 class=\"wp-block-heading has-red-color has-text-color has-link-color wp-elements-b02cc3916eb2ec241d0dc3cc2dcc3b8c\" id=\"dan-clark-audio-e-3-vs-zmf-verite-closed\" style=\"font-size:30px\">Dan Clark Audio E3 vs. ZMF Verite Closed<\/h2>\n\n\n\n<p><strong>Hinnat: 2460 \u20ac vs. 2900 \u20ac (erikoisversiot maksavat enemm\u00e4n)<\/strong><\/p>\n\n\n<div class=\"wp-block-image\">\n<figure data-wp-context=\"{&quot;imageId&quot;:&quot;69f0a5c3254d4&quot;}\" data-wp-interactive=\"core\/image\" data-wp-key=\"69f0a5c3254d4\" class=\"aligncenter size-full wp-lightbox-container\"><img loading=\"lazy\" decoding=\"async\" width=\"1923\" height=\"1443\" data-wp-class--hide=\"state.isContentHidden\" data-wp-class--show=\"state.isContentVisible\" data-wp-init=\"callbacks.setButtonStyles\" data-wp-on--click=\"actions.showLightbox\" data-wp-on--load=\"callbacks.setButtonStyles\" data-wp-on-window--resize=\"callbacks.setButtonStyles\" src=\"https:\/\/kuulokenurkka.com\/wp-content\/uploads\/2024\/05\/E3_VC.jpg\" alt=\"\" class=\"wp-image-23628\"\/><button\n\t\t\tclass=\"lightbox-trigger\"\n\t\t\ttype=\"button\"\n\t\t\taria-haspopup=\"dialog\"\n\t\t\taria-label=\"Enlarge\"\n\t\t\tdata-wp-init=\"callbacks.initTriggerButton\"\n\t\t\tdata-wp-on--click=\"actions.showLightbox\"\n\t\t\tdata-wp-style--right=\"state.imageButtonRight\"\n\t\t\tdata-wp-style--top=\"state.imageButtonTop\"\n\t\t>\n\t\t\t<svg xmlns=\"http:\/\/www.w3.org\/2000\/svg\" width=\"12\" height=\"12\" fill=\"none\" viewbox=\"0 0 12 12\">\n\t\t\t\t<path fill=\"#fff\" d=\"M2 0a2 2 0 0 0-2 2v2h1.5V2a.5.5 0 0 1 .5-.5h2V0H2Zm2 10.5H2a.5.5 0 0 1-.5-.5V8H0v2a2 2 0 0 0 2 2h2v-1.5ZM8 12v-1.5h2a.5.5 0 0 0 .5-.5V8H12v2a2 2 0 0 1-2 2H8Zm2-12a2 2 0 0 1 2 2v2h-1.5V2a.5.5 0 0 0-.5-.5H8V0h2Z\" \/>\n\t\t\t<\/svg>\n\t\t<\/button><figcaption class=\"wp-element-caption\"><strong><em>Kuulokkeet eroavat toisistaan kuin y\u00f6 ja p\u00e4iv\u00e4, mutta molemmat on tehty omalla tavallaan laadukkaasti.<\/em><\/strong><\/figcaption><\/figure>\n<\/div>\n\n\n<p>E3 ja Verite Closed eroavat ulkon\u00e4\u00f6llisesti selv\u00e4sti toisistaan, koska ensin mainittu on tarkan insin\u00f6\u00f6rity\u00f6n taidonn\u00e4yte, kun taas toiseen sis\u00e4ltyy laadukasta k\u00e4sity\u00f6t\u00e4 upeine puukuppeineen. H\u00e4mm\u00e4stytt\u00e4v\u00e4\u00e4 kyll\u00e4 molemmat kuulokkeet painavat silti k\u00e4yt\u00e4nn\u00f6ss\u00e4 saman verran (455 g ja 471 g), ja ovat my\u00f6s hyv\u00e4n suunnittelun ansiosta mukavia pidemp\u00e4\u00e4nkin k\u00e4ytettyn\u00e4. E3:a olisi mahdollista kuljettaa kotelossaan paikasta toiseen, kun taas Verite Closed olisi muokattavissa ulkon\u00e4\u00f6llisesti eri puulaaduilla ja \u00e4\u00e4nenlaadullisesti useilla erilaisilla korvapehmusteilla. ZMF-malli erist\u00e4\u00e4 kaksikosta lis\u00e4ksi paremmin \u00e4\u00e4nt\u00e4, eik\u00e4 vuoda sit\u00e4 juurikaan ulosp\u00e4in edes lujemmalla \u00e4\u00e4nenvoimakkuudella kuunneltuna.<\/p>\n\n\n\n<p>Vahvistuksen osalta kannattaa huomioida, ett\u00e4 Verite Closed on 300 ohmin impedanssilla toteutettu dynaaminen kuuloke, joten se sopisi hyvin esimerkiksi putkivahvistimille. E3 sen sijaan vaatii vahvistimelta selv\u00e4sti enemm\u00e4n virranantokyky\u00e4, joten sen kanssa olisi suositeltavinta k\u00e4ytt\u00e4\u00e4 jotakin modernia transistorivahvistinta.<\/p>\n\n\n\n<h3 class=\"wp-block-heading\" id=\"taajuusvasteet\" style=\"font-size:23px\">Frequency responses:<\/h3>\n\n\n<div class=\"wp-block-image\">\n<figure data-wp-context=\"{&quot;imageId&quot;:&quot;69f0a5c32584b&quot;}\" data-wp-interactive=\"core\/image\" data-wp-key=\"69f0a5c32584b\" class=\"aligncenter size-full wp-lightbox-container\"><img loading=\"lazy\" decoding=\"async\" width=\"2400\" height=\"1038\" data-wp-class--hide=\"state.isContentHidden\" data-wp-class--show=\"state.isContentVisible\" data-wp-init=\"callbacks.setButtonStyles\" data-wp-on--click=\"actions.showLightbox\" data-wp-on--load=\"callbacks.setButtonStyles\" data-wp-on-window--resize=\"callbacks.setButtonStyles\" src=\"https:\/\/kuulokenurkka.com\/wp-content\/uploads\/2024\/05\/graph109.png\" alt=\"\" class=\"wp-image-23714\"\/><button\n\t\t\tclass=\"lightbox-trigger\"\n\t\t\ttype=\"button\"\n\t\t\taria-haspopup=\"dialog\"\n\t\t\taria-label=\"Enlarge\"\n\t\t\tdata-wp-init=\"callbacks.initTriggerButton\"\n\t\t\tdata-wp-on--click=\"actions.showLightbox\"\n\t\t\tdata-wp-style--right=\"state.imageButtonRight\"\n\t\t\tdata-wp-style--top=\"state.imageButtonTop\"\n\t\t>\n\t\t\t<svg xmlns=\"http:\/\/www.w3.org\/2000\/svg\" width=\"12\" height=\"12\" fill=\"none\" viewbox=\"0 0 12 12\">\n\t\t\t\t<path fill=\"#fff\" d=\"M2 0a2 2 0 0 0-2 2v2h1.5V2a.5.5 0 0 1 .5-.5h2V0H2Zm2 10.5H2a.5.5 0 0 1-.5-.5V8H0v2a2 2 0 0 0 2 2h2v-1.5ZM8 12v-1.5h2a.5.5 0 0 0 .5-.5V8H12v2a2 2 0 0 1-2 2H8Zm2-12a2 2 0 0 1 2 2v2h-1.5V2a.5.5 0 0 0-.5-.5H8V0h2Z\" \/>\n\t\t\t<\/svg>\n\t\t<\/button><figcaption class=\"wp-element-caption\"><strong><em>Dan Clark Audio E3:n ja ZMF Verite Closed:in taajuusvasteet suhteessa Harmanin tavoitek\u00e4yr\u00e4\u00e4n vuodelta 2018.<\/em><\/strong><\/figcaption><\/figure>\n<\/div>\n\n\n<p>Valitsin ZMF-malliin vertailua varten Auteur Hybrid -pehmusteet, jotka el\u00e4v\u00f6itt\u00e4v\u00e4t sek\u00e4 keskitaajuuksia ett\u00e4 diskanttia kuulokkeiden vakipehmusteisiin n\u00e4hden. Vaikkei Verite Closed luultavasti olekaan koskaan tuntunut yht\u00e4 v\u00e4rittyneelt\u00e4 kuin heti E3:n kuuntelemisen j\u00e4lkeen, pienell\u00e4 totuttelulla l\u00f6yd\u00e4n itseni niin syv\u00e4lt\u00e4 musiikin sis\u00e4lt\u00e4, etten en\u00e4\u00e4 halua poistua sielt\u00e4. T\u00e4m\u00e4 on aidosti v\u00e4lill\u00e4 ongelma, koska en malttaisi lopettaa kuuntelua, vaikka minun tulisi tehd\u00e4 jotakin t\u00e4rke\u00e4mp\u00e4\u00e4.<\/p>\n\n\n\n<p>Siin\u00e4 miss\u00e4 E3 pyrkii olemaan \u00e4\u00e4nitteille uskollinen ja el\u00e4v\u00f6itt\u00e4m\u00e4\u00e4n niit\u00e4 hieman energisten yl\u00e4taajuuksiensa kautta, Verite Closed tekee periaatteessa p\u00e4invastoin. Se ei kuulosta neutraalilta ja raikkaalta, vaan luottaa t\u00e4ytel\u00e4isen rentoon ja l\u00e4sn\u00e4olevaan charmiinsa. Kuulokkeiden toisto on rotevien alataajuuksien my\u00f6t\u00e4 hauskan painavan tuntuista ja \u00e4\u00e4nten alkupuoli tulee suorastaan intensiivisell\u00e4 voimalla kohti kuuntelijaa. Samalla \u00e4\u00e4nten j\u00e4lkimm\u00e4inen puolisko j\u00e4\u00e4 vaimeammin toistuvan 3\u20135 kHz:n v\u00e4lin my\u00f6t\u00e4 selv\u00e4sti rennommaksi ik\u00e4\u00e4n kuin kauemmas \u00e4\u00e4nikuvassa. Kuulokkeet kuulostavat \u00e4kkiselt\u00e4\u00e4n paksulta ja melko verhoutuneelta, mutta jotenkin nopeat ja erottelukykyiset elementit sek\u00e4 pehmeist\u00e4 puukupeista aiheutuva j\u00e4lkikaiku onnistuvat yhdess\u00e4 sitomaan kaiken toimivaksi kokonaisuudeksi.<\/p>\n\n\n\n<p>Verite Closed luo musiikkiin orgaanisen vivahteen aivan kuin kuuntelu tapahtuisi aidossa, kaikuvassa, huoneessa, jossa olen paikalla \u2013 \u00e4\u00e4nikuvasta muodostuu itselleni poikkeuksellisen tilavan tuntuinen ja 3D-tyylinen. Toisto on hunajaisen l\u00e4mmint\u00e4 ja rentoa, mutta kuitenkin l\u00e4sn\u00e4olevaa. Auteur Hybrid -pehmusteilla vokalistiin syntyy intiimi tunneyhteys ilman, ett\u00e4 laulu kuulostaisi miss\u00e4\u00e4n tilanteessa hy\u00f6kk\u00e4\u00e4v\u00e4lt\u00e4 tai ter\u00e4v\u00e4lt\u00e4. T\u00e4m\u00e4 eroaa selv\u00e4sti E3:n esitystavasta, jossa \u00e4\u00e4nen energisint\u00e4 osaa pusketaan hieman voimistetusti kuuntelijaa kohti. E3 toistaa kuitenkin loppujen lopuksi \u00e4\u00e4nitteet melko lailla sellaisinaan ilman ylim\u00e4\u00e4r\u00e4isi\u00e4 kaikuja tai heijastumia. T\u00e4m\u00e4n vuoksi se onkin kaksikosta kiistatta oikeaoppisempi ja t\u00e4ll\u00e4 mittarilla selv\u00e4sti Verite\u00e4 parempi kuuloke.<\/p>\n\n\n\n<p>Silti ZMF-mallin ep\u00e4t\u00e4ydellist\u00e4 \u00e4\u00e4nt\u00e4 kuunnellessani huomaan saavani jopa useammin kylmi\u00e4 v\u00e4ristyksi\u00e4 kuuntelukokemuksen voimakkuudesta. Veriten keskibasso potkii my\u00f6s hauskemmin ja siin\u00e4 on puumainen j\u00e4lkikaiku, joka muistuttaa itsess\u00e4\u00e4n puurunkoista soitinta. T\u00e4m\u00e4n ansiosta akustiset soittimet kuulostavat rungoltaan viel\u00e4kin miellytt\u00e4v\u00e4mmilt\u00e4 kuin Dan Clark Audion Stealth-mallilla. Toisaalta kannattaa huomioida, ett\u00e4 molemmat Dan Clark Audion kuulokkeet toistavat alabassoa hieman  tukevammin kuin Verite eli elektroninen musiikki kuulostaa niill\u00e4 vaikuttavammalta. Tilanne ei oikeastaan muutu, vaikka Veriteen vaihdettaisiin toisenlaiset korvapehmusteet.<\/p>\n\n\n\n<p>Mit\u00e4 t\u00e4st\u00e4 vertailusta lopulta j\u00e4\u00e4k\u00e4\u00e4n k\u00e4teen? Kun kuuntelen Verite\u00e4, unohdan kaikki muut kuulokkeeni ja uppoudun useiksi tunneiksi musiikkiin nauttien omalaatuisesta esitystavasta. Toisaalta E3:n korvilleni asettamalla ja samat biisit kuuntelemalla tulen alitajuisesti ny\u00f6k\u00e4nneeksi merkkin\u00e4 siit\u00e4, ett\u00e4 juuri t\u00e4llaisilta \u00e4\u00e4nitteiden todenn\u00e4k\u00f6isesti tulisi pikemminkin kuulostaa, ja n\u00e4in saan niist\u00e4 kaiken irti. Ainoiksi kuulokkeiksi E3 olisikin selv\u00e4sti j\u00e4rkev\u00e4mpi ja suositellumpi valinta, mutta esimerkiksi jonkin avoimen kuulokemallin kaverina Verite Closed tarjoaisi eritt\u00e4in uniikin kuuntelukokemuksen, jolle ei oikeastaan l\u00f6ydy vastinetta mist\u00e4\u00e4n hintaluokasta. Jokainen pystynee p\u00e4\u00e4tt\u00e4m\u00e4\u00e4n, kummasta kuulokkeesta olisi valmis maksamaan itse mieluummin pyydetyn korkean summan ottaen huomioon \u00e4\u00e4nenlaadun lis\u00e4ksi muutkin tekij\u00e4t. Tietyll\u00e4 tavalla puhutaan j\u00e4rjen (E3) ja tunteiden (Verite Closed) v\u00e4lisest\u00e4 kamppailusta.<\/p>\n\n\n\n<h2 class=\"wp-block-heading\" id=\"yhteenveto\"><span style=\"text-decoration: underline;\">Summary<\/span><\/h2>\n\n\n\n<p>Testaamani Dan Clark Audion kuulokkeet ovat kalliita, mutta my\u00f6s todella erinomaisia. Tarjolla ei ole erikoisia vivahteita pienelle kohderyhm\u00e4lle, vaan rehellist\u00e4 ja \u00e4\u00e4nitteille uskollista toistoa tieteellisen tutkimuksen pohjalta oikeaoppiseksi r\u00e4\u00e4t\u00e4l\u00f6ityn\u00e4. Kaksikosta edullisempi E3 on hieman el\u00e4v\u00e4mm\u00e4n ja menev\u00e4mm\u00e4n kuuloinen, kun taas hintavamman Stealth-mallin koen referenssim\u00e4isen neutraaliksi. Kummankaan \u00e4\u00e4nenlaadusta ei ole helppoa l\u00f6yt\u00e4\u00e4 heikkouksia, ja nekin menev\u00e4t usein musiikin sis\u00e4lt\u00e4mien &#8221;virheiden&#8221; piikkiin. Toisaalta my\u00f6sk\u00e4\u00e4n t\u00e4ydellisiksi en voi tuotteita kutsua, koska istuvuus ja p\u00e4\u00e4h\u00e4n asettelu vaikuttaa yll\u00e4tt\u00e4v\u00e4n paljon optimaalisen \u00e4\u00e4nenlaadun toteutumiseen.<\/p>\n\n\n\n<p>Lopulta pid\u00e4n henkil\u00f6kohtaisesti hieman enemm\u00e4n E3:n rytmikkyydest\u00e4 ja sen tavasta vet\u00e4\u00e4 huomiota vokalistiin. Stealth:in kuuntelu on rennompaa, mutta sen tapainen neutraalius ei innosta itse\u00e4ni yht\u00e4 paljon. Toisaalta kriittisesti arvioituna se on kaksikosta hieman tasapainoisempi ja luonnollisempi, joten n\u00e4ill\u00e4 mittareilla tarkasteltuna korkeampi myyntihinta tuntuu perustellulta ottaen huomioon, ett\u00e4 my\u00f6s hieman tyylikk\u00e4\u00e4mpi ja kevyempi rakenne tukee asiaa. Koska paremmuus j\u00e4\u00e4 kuitenkin edelleen melko puhtaasti makuasiaksi, en yll\u00e4ttyisi my\u00f6sk\u00e4\u00e4n sit\u00e4, jos molemmat kuulokkeet maksaisivat saman verran. Joku voisi ajatella t\u00e4m\u00e4n olevan kamala asia Stealth:in kannalta, mutta todellisuudessa sen omistajat ovat jo ehtineet nauttia erinomaisen tasapainoisesta \u00e4\u00e4nest\u00e4 parin vuoden ajan ennen E3:n julkaisua. Valmistajaa t\u00e4ytyy kehua siit\u00e4, ett\u00e4 se on tuonut kaikki hintavampaa mallia varten kehitetyt innovatiiviset teknologiansa selv\u00e4sti edullisempaan hintaluokkaan.<\/p>\n\n\n<div class=\"wp-block-image\">\n<figure data-wp-context=\"{&quot;imageId&quot;:&quot;69f0a5c325cfc&quot;}\" data-wp-interactive=\"core\/image\" data-wp-key=\"69f0a5c325cfc\" class=\"aligncenter size-full wp-lightbox-container\"><img loading=\"lazy\" decoding=\"async\" width=\"1229\" height=\"1229\" data-wp-class--hide=\"state.isContentHidden\" data-wp-class--show=\"state.isContentVisible\" data-wp-init=\"callbacks.setButtonStyles\" data-wp-on--click=\"actions.showLightbox\" data-wp-on--load=\"callbacks.setButtonStyles\" data-wp-on-window--resize=\"callbacks.setButtonStyles\" src=\"https:\/\/kuulokenurkka.com\/wp-content\/uploads\/2024\/05\/Artikkelikuva2.jpg\" alt=\"\" class=\"wp-image-24011\"\/><button\n\t\t\tclass=\"lightbox-trigger\"\n\t\t\ttype=\"button\"\n\t\t\taria-haspopup=\"dialog\"\n\t\t\taria-label=\"Enlarge\"\n\t\t\tdata-wp-init=\"callbacks.initTriggerButton\"\n\t\t\tdata-wp-on--click=\"actions.showLightbox\"\n\t\t\tdata-wp-style--right=\"state.imageButtonRight\"\n\t\t\tdata-wp-style--top=\"state.imageButtonTop\"\n\t\t>\n\t\t\t<svg xmlns=\"http:\/\/www.w3.org\/2000\/svg\" width=\"12\" height=\"12\" fill=\"none\" viewbox=\"0 0 12 12\">\n\t\t\t\t<path fill=\"#fff\" d=\"M2 0a2 2 0 0 0-2 2v2h1.5V2a.5.5 0 0 1 .5-.5h2V0H2Zm2 10.5H2a.5.5 0 0 1-.5-.5V8H0v2a2 2 0 0 0 2 2h2v-1.5ZM8 12v-1.5h2a.5.5 0 0 0 .5-.5V8H12v2a2 2 0 0 1-2 2H8Zm2-12a2 2 0 0 1 2 2v2h-1.5V2a.5.5 0 0 0-.5-.5H8V0h2Z\" \/>\n\t\t\t<\/svg>\n\t\t<\/button><\/figure>\n<\/div>\n\n\n<p>Jos saisin omistaa vain yhdet hyv\u00e4t kuulokkeet, valintani saattaisi kohdistua t\u00e4ll\u00e4 hetkell\u00e4 E3:een etenkin, kun sen suljettu rakenne tuo joustoa eri k\u00e4ytt\u00f6tilanteisiin, eik\u00e4 k\u00e4ytt\u00f6mukavuudessakaan ole valitettavaa. Tarvittaessa kuulokkeita olisi my\u00f6s mahdollista kuljettaa mukana. Vaikka pid\u00e4nkin erilaisista ja toisinaan melko v\u00e4rittyneist\u00e4kin kuulokkeista, E3 osoittaa, miksi optimaalista taajuusvastetta on l\u00e4hdetty tutkimaan, ja miksi meill\u00e4 on nyky\u00e4\u00e4n jokinlaisia perusodotuksia kuulokkeiden tuunausta kohtaan. <\/p>\n\n\n\n<p>Viel\u00e4 harrastukseni alussa olisin todenn\u00e4k\u00f6isesti pit\u00e4nyt E3:a hieman tyls\u00e4n kuuloisena, koska se ei lis\u00e4\u00e4 kuuntelemaani musiikkiin mit\u00e4\u00e4n erityisen mieleenpainuvaa. Nyky\u00e4\u00e4n ympyr\u00e4 alkaa kuitenkin tietyll\u00e4 tapaa sulkeutua ja alan olla sit\u00e4 mielt\u00e4, ett\u00e4 kuuntelemani musiikki on t\u00e4rke\u00e4mp\u00e4\u00e4 kuin kuulokkeet, joilla sit\u00e4 kuuntelen. Liian laskelmoitu neutraalius on mielest\u00e4ni edelleen pitk\u00e4stytt\u00e4v\u00e4\u00e4, mutta Dan Clark Audion E3 onnistuu v\u00e4ltt\u00e4m\u00e4\u00e4n t\u00e4m\u00e4n el\u00e4v\u00e4ll\u00e4 ja dynaamisella toistollaan. Ei Stealth-mallikaan kuulosta miss\u00e4\u00e4n nimess\u00e4 tyls\u00e4lt\u00e4, mutta omien mieltymysteni pohjalta E3 on lopulta paras t\u00e4h\u00e4n menness\u00e4 kokeilemani suljettu kuuloke \u2013 jollekulle toiselle se saattaisi olla Stealth.<\/p>\n\n\n\n<p>Kaksikko ei loppujen lopuksi anna merkitt\u00e4v\u00e4\u00e4 tasoitusta my\u00f6sk\u00e4\u00e4n hyville avoimille kuulokemalleille, mink\u00e4 Dan Clark Audio vaikuttaa tiet\u00e4v\u00e4n itsekin pyyt\u00e4ess\u00e4\u00e4n tuotteistaan harmilisen korkean rahasumman. Viel\u00e4 jokin p\u00e4iv\u00e4 yht\u00e4 hyv\u00e4t kuulokkeet on mahdollista ostaa lompakkoyst\u00e4v\u00e4llisemp\u00e4\u00e4n hintaan, mutta t\u00e4ll\u00e4 hetkell\u00e4 niist\u00e4 joutuu pulittamaan noin 2500 euroa. T\u00e4m\u00e4 on silti jo merkitt\u00e4v\u00e4 parannus Stealth-mallin 4800 euron hintaan n\u00e4hden. Kannattaa toki muistaa, ett\u00e4 oman makunsa tunteva harrastaja voi edelleen pit\u00e4\u00e4 enemm\u00e4n mist\u00e4 tahansa muustakin kuulokemallista, mink\u00e4 vuoksi onkin hyv\u00e4, ettei jokainen tuote ole samanlainen kuin E3 ja Stealth. Jos kuitenkin oletetaan Harmanin tutkimuksen pit\u00e4v\u00e4n paikkansa, valtaosa harjaantuneista kuuntelijoista suosisi Dan Clark Audion tapaisia kuulokkeita useimpien muiden vaihtoehtojen joukosta.<\/p>\n\n\n<div class=\"wp-block-image\">\n<figure class=\"aligncenter size-full\"><img loading=\"lazy\" decoding=\"async\" width=\"1662\" height=\"1422\" src=\"https:\/\/kuulokenurkka.com\/wp-content\/uploads\/2024\/05\/Maljakko.jpg\" alt=\"\" class=\"wp-image-23656\"\/><\/figure>\n<\/div>\n\n\n<h3 class=\"wp-block-heading\" id=\"plussat-ja-miinukset-\ufffc\" style=\"font-size:22px\">Pros and cons:<strong><span style=\"text-decoration: underline;\"><\/span><\/strong><br><\/h3>\n\n\n\n<figure class=\"wp-block-image size-medium is-resized\"><img loading=\"lazy\" decoding=\"async\" width=\"300\" height=\"104\" src=\"http:\/\/kuulokenurkka.com\/wp-content\/uploads\/2024\/05\/e3-1-300x104.png\" alt=\"\" class=\"wp-image-23688\" style=\"width:170px\"\/><\/figure>\n\n\n\n<p class=\"has-text-color has-link-color wp-elements-63c679db49f6f51bea057593734dcf26\" style=\"color:#14b928\"><strong>+ Rehellisen neutraali tuunaus juuri sopivasti el\u00e4v\u00f6itettyn\u00e4<br>+ Avoimelta tuntuva tilavaikutelma<\/strong><br><strong>+ Hauskan dynaaminen bassontoisto<br>+ Erinomainen erottelukyky ja \u00e4\u00e4nten tarkka sijoittelu \u00e4\u00e4nikuvassa<br>+ Innovativiinen AMTS-systeemi tekee \u00e4\u00e4nest\u00e4 puhdasta<br>+ Hyv\u00e4 istuvuus ja k\u00e4ytt\u00f6mukavuus<br>+ Laadukas rakenne<br>+ Mahtuu pienehk\u00f6\u00f6n kuljetuskoteloon<br>+ K\u00e4ytett\u00e4vyydelt\u00e4\u00e4n hyv\u00e4 kaapeli<br>+ Kallis hinta tuntuu tavallista perustellummalta<\/strong><\/p>\n\n\n\n<p class=\"has-dark-yellow-color has-text-color has-link-color wp-elements-9d5f14118a4e69d4db485f65a2046cf1\"><strong>+\/- N\u00e4ytt\u00e4\u00e4 periaatteessa tyylikk\u00e4\u00e4lt\u00e4, mutta lopulta aavistuksen tyls\u00e4lt\u00e4<\/strong><br><strong>+\/- Lasista tehdyt kuppien kyljet ovat mielenkiintoinen ratkaisu, mutta ne kasvattavat kuulokkeiden painoa<\/strong><br><strong>-\/+ Yl\u00e4keskitaajuudet voivat olla joidenkin makuun turhankin energiset, mutta asiaa voidaan lievent\u00e4\u00e4 siirt\u00e4m\u00e4ll\u00e4 kuulokkeita p\u00e4\u00e4ss\u00e4 alasp\u00e4in<\/strong><\/p>\n\n\n\n<p class=\"has-red-color has-text-color has-link-color wp-elements-fd839b4752d85c0a91724aeb219406ce\"><strong>&#8211; Basso voi tuntua rungoltaan aavistuksen kevyelt\u00e4 dynaamisiin kuulokemalleihin verrattuna<\/strong><br><strong>&#8211; Diskantin s\u00e4h\u00e4kkyys voi h\u00e4irit\u00e4 rauhallisempiin kuulokkeisiin tottuneita<\/strong><br><strong>&#8211; Kuulokkeiden asettelu p\u00e4\u00e4ss\u00e4 vaikuttaa tavallista enemm\u00e4n \u00e4\u00e4neen<\/strong><br><strong>&#8211; P\u00e4\u00e4panta saisi olla hieman pehme\u00e4mpi<\/strong><br><strong>&#8211; \u00c4\u00e4nt\u00e4 vuotaa bassoporttien kautta jonkin verran ulosp\u00e4in<\/strong><br><strong>&#8211; Hinta edelleen useimpien ulottumattomissa<\/strong><br><\/p>\n\n\n\n<figure class=\"wp-block-image size-medium\"><img loading=\"lazy\" decoding=\"async\" width=\"300\" height=\"29\" src=\"http:\/\/kuulokenurkka.com\/wp-content\/uploads\/2024\/05\/Stealth-svg-1-300x29.png\" alt=\"\" class=\"wp-image-23687\"\/><\/figure>\n\n\n\n<p class=\"has-text-color has-link-color wp-elements-3301c77ab16b304cbf00deaadbfe8164\" style=\"color:#14b928\"><strong>+ \u00c4\u00e4rimm\u00e4isen neutraali ja oikeaoppinen tuunaus<br>+ Erinomainen erottelukyky ja \u00e4\u00e4nten tarkka sijoittelu \u00e4\u00e4nikuvassa<\/strong><br><strong>+ Hauska bassontoisto<\/strong><br><strong>+ Rasittamattomat ja luonnolliset yl\u00e4taajuudet<br>+ <strong>Innovativiinen AMTS-systeemi tekee \u00e4\u00e4nest\u00e4 puhdasta<\/strong><br>+ Erinomainen k\u00e4ytt\u00f6mukavuus<br>+ Laadukas rakenne<\/strong><br><strong>+ Painaa v\u00e4hemm\u00e4n kuin E3<br>+ Mahtuu pienehk\u00f6\u00f6n kuljetuskoteloon<br>+ K\u00e4ytett\u00e4vyydelt\u00e4\u00e4n hyv\u00e4 kaapeli<\/strong><\/p>\n\n\n\n<p class=\"has-dark-yellow-color has-text-color has-link-color wp-elements-01131ac996edad9d5a9149ef9f3dee98\"><strong>+\/- N\u00e4ytt\u00e4\u00e4 hiilikuidun ansiosta tyylikk\u00e4\u00e4lt\u00e4, mutta p\u00e4\u00e4pannan punaiset gamer-tyyliset tikkaukset ovat hieman mauttomat<\/strong><br><strong>+\/- Osa varmasti arvostaa E3-mallia rauhallisempia yl\u00e4taajuuksia, mutta omaan makuuni diskantti kaipaisi hieman lis\u00e4\u00e4 energiaa el\u00e4v\u00f6itt\u00e4\u00e4kseen toistoa<\/strong><br><strong>+\/- Alataajuudet toistuvat tyylilt\u00e4\u00e4n t\u00e4ytel\u00e4isemmin kuin E3:ssa, mutta eiv\u00e4t kuulosta yht\u00e4 dynaamisilta ja r\u00e4j\u00e4ht\u00e4vilt\u00e4<\/strong><\/p>\n\n\n\n<p class=\"has-red-color has-text-color has-link-color wp-elements-a1247ead5061d1c813a2a2b31bc24e13\"><strong>&#8211; P\u00e4\u00e4panta saisi olla hieman pehme\u00e4mpi<\/strong><br><strong>&#8211; Kuulokkeiden asettelu p\u00e4\u00e4ss\u00e4 vaikuttaa tavallista enemm\u00e4n \u00e4\u00e4neen<\/strong><br><strong>&#8211; Sanka on puristusvoimaltaan l\u00f6ys\u00e4hk\u00f6, joten tukevaa istuvuutta voi olla vaikeaa l\u00f6yt\u00e4\u00e4, eik\u00e4 bassontoistokaan v\u00e4ltt\u00e4m\u00e4tt\u00e4 toimi oikein<\/strong><br><strong>&#8211; \u00c4\u00e4nt\u00e4 vuotaa bassoportin kautta jonkin verran ulosp\u00e4in<\/strong><br><strong>&#8211; Eritt\u00e4in korkea hinta<\/strong><\/p>","protected":false},"excerpt":{"rendered":"<p>Kun laadukkaan kuuloketoiston mittariksi asetetaan Harmanin tavoitek\u00e4yr\u00e4, Dan Clark Audiolla on valikoimassaan kaksi l\u00e4hes t\u00e4ydellist\u00e4 tuotetta: E3 ja Stealth.  <a href=\"https:\/\/kuulokenurkka.com\/en\/arvostelu-dan-clark-audio-e3-ja-stealth\/\" class=\"more-link\">Read more<span class=\"screen-reader-text\">Arvostelu: Dan Clark Audio E3 ja Stealth<\/span><\/a><\/p>","protected":false},"author":1,"featured_media":24086,"comment_status":"open","ping_status":"open","sticky":false,"template":"","format":"standard","meta":{"om_disable_all_campaigns":false,"_jetpack_memberships_contains_paid_content":false,"footnotes":""},"categories":[3],"tags":[20,26,7,25,16],"class_list":["post-22375","post","type-post","status-publish","format-standard","has-post-thumbnail","hentry","category-kuulokkeet","tag-dan-clark-audio","tag-headphones","tag-kuulokkeet","tag-review","tag-zmf"],"jetpack_featured_media_url":"https:\/\/kuulokenurkka.com\/wp-content\/uploads\/2024\/05\/Artikkelikuva5.jpg","jetpack_sharing_enabled":true,"_links":{"self":[{"href":"https:\/\/kuulokenurkka.com\/en\/wp-json\/wp\/v2\/posts\/22375","targetHints":{"allow":["GET"]}}],"collection":[{"href":"https:\/\/kuulokenurkka.com\/en\/wp-json\/wp\/v2\/posts"}],"about":[{"href":"https:\/\/kuulokenurkka.com\/en\/wp-json\/wp\/v2\/types\/post"}],"author":[{"embeddable":true,"href":"https:\/\/kuulokenurkka.com\/en\/wp-json\/wp\/v2\/users\/1"}],"replies":[{"embeddable":true,"href":"https:\/\/kuulokenurkka.com\/en\/wp-json\/wp\/v2\/comments?post=22375"}],"version-history":[{"count":9,"href":"https:\/\/kuulokenurkka.com\/en\/wp-json\/wp\/v2\/posts\/22375\/revisions"}],"predecessor-version":[{"id":42769,"href":"https:\/\/kuulokenurkka.com\/en\/wp-json\/wp\/v2\/posts\/22375\/revisions\/42769"}],"wp:featuredmedia":[{"embeddable":true,"href":"https:\/\/kuulokenurkka.com\/en\/wp-json\/wp\/v2\/media\/24086"}],"wp:attachment":[{"href":"https:\/\/kuulokenurkka.com\/en\/wp-json\/wp\/v2\/media?parent=22375"}],"wp:term":[{"taxonomy":"category","embeddable":true,"href":"https:\/\/kuulokenurkka.com\/en\/wp-json\/wp\/v2\/categories?post=22375"},{"taxonomy":"post_tag","embeddable":true,"href":"https:\/\/kuulokenurkka.com\/en\/wp-json\/wp\/v2\/tags?post=22375"}],"curies":[{"name":"wp","href":"https:\/\/api.w.org\/{rel}","templated":true}]}}